{"id":220043,"date":"2026-07-03T17:34:16","date_gmt":"2026-07-03T17:34:16","guid":{"rendered":"https:\/\/www.europesays.com\/ee\/220043\/"},"modified":"2026-07-03T17:34:16","modified_gmt":"2026-07-03T17:34:16","slug":"markus-villigu-firma-supleb-rahas-muus-osalust-boltis-ja-ostis-vennalt-uhke-kuurorti","status":"publish","type":"post","link":"https:\/\/www.europesays.com\/ee\/220043\/","title":{"rendered":"Markus Villigu firma supleb rahas, m\u00fc\u00fcs osalust Boltis ja ostis vennalt uhke kuurorti"},"content":{"rendered":"<p><img decoding=\"async\" src=\"https:\/\/www.europesays.com\/ee\/wp-content\/uploads\/2026\/07\/baa50045-964e-4166-a140-87523c317409.jpg\" loading=\"lazy\" alt=\"Markus Villig\"\/><\/p>\n<p>Markus Villig<\/p>\n<p>FOTO: Priit Simson| Delfi Meedia<\/p>\n<p>Eesti \u00fcks rikkamaid inimesi, <a rel=\"noopener nofollow\" target=\"_blank\" href=\"https:\/\/www.delfi.ee\/teema\/25323035\/bolt\" tag-id=\"25323035\">Bolti<\/a> asutaja ja omanik <a rel=\"noopener nofollow\" target=\"_blank\" href=\"https:\/\/www.delfi.ee\/teema\/69935351\/markus-villig\" tag-id=\"69935351\">Markus Villig<\/a> avaldas oma investeerimiskeha Mordor Management O\u00dc 2025. aasta aruande. Ta v\u00e4hendas taas oma osalust Boltis, mis omakorda m\u00f5jutas oluliselt majandustulemusi. Oluline on see, et Markus ostis vend Martinilt \u00e4ra perekonna kuurorti L\u00e4\u00e4neranna vallas.<\/p>\n","protected":false},"excerpt":{"rendered":"Markus Villig FOTO: Priit Simson| Delfi Meedia Eesti \u00fcks rikkamaid inimesi, Bolti asutaja ja omanik Markus Villig avaldas&hellip;\n","protected":false},"author":2,"featured_media":220044,"comment_status":"","ping_status":"","sticky":false,"template":"","format":"standard","meta":{"footnotes":"","_share_on_mastodon":"0"},"categories":[12],"tags":[1261,26,27,37,33,35,34,36,31,32,21,28,29,6076,19,25,23,24,22,20,30],"class_list":["post-220043","post","type-post","status-publish","format-standard","has-post-thumbnail","category-eesti","tag-bolt","tag-breaking-news","tag-breakingnews","tag-ee","tag-eesti","tag-eesti-keel","tag-estonia","tag-estonian","tag-featured-news","tag-featurednews","tag-headlines","tag-latest-news","tag-latestnews","tag-markus-villig","tag-news","tag-populaarseimad-lood","tag-top-stories","tag-topstories","tag-uldised-uudised","tag-uudised","tag-viimased-uudised"],"share_on_mastodon":{"url":"https:\/\/pubeurope.com\/@ee\/116857252532842543","error":""},"_links":{"self":[{"href":"https:\/\/www.europesays.com\/ee\/wp-json\/wp\/v2\/posts\/220043","targetHints":{"allow":["GET"]}}],"collection":[{"href":"https:\/\/www.europesays.com\/ee\/wp-json\/wp\/v2\/posts"}],"about":[{"href":"https:\/\/www.europesays.com\/ee\/wp-json\/wp\/v2\/types\/post"}],"author":[{"embeddable":true,"href":"https:\/\/www.europesays.com\/ee\/wp-json\/wp\/v2\/users\/2"}],"replies":[{"embeddable":true,"href":"https:\/\/www.europesays.com\/ee\/wp-json\/wp\/v2\/comments?post=220043"}],"version-history":[{"count":0,"href":"https:\/\/www.europesays.com\/ee\/wp-json\/wp\/v2\/posts\/220043\/revisions"}],"wp:featuredmedia":[{"embeddable":true,"href":"https:\/\/www.europesays.com\/ee\/wp-json\/wp\/v2\/media\/220044"}],"wp:attachment":[{"href":"https:\/\/www.europesays.com\/ee\/wp-json\/wp\/v2\/media?parent=220043"}],"wp:term":[{"taxonomy":"category","embeddable":true,"href":"https:\/\/www.europesays.com\/ee\/wp-json\/wp\/v2\/categories?post=220043"},{"taxonomy":"post_tag","embeddable":true,"href":"https:\/\/www.europesays.com\/ee\/wp-json\/wp\/v2\/tags?post=220043"}],"curies":[{"name":"wp","href":"https:\/\/api.w.org\/{rel}","templated":true}]}}