{"id":220100,"date":"2026-07-03T19:32:10","date_gmt":"2026-07-03T19:32:10","guid":{"rendered":"https:\/\/www.europesays.com\/ee\/220100\/"},"modified":"2026-07-03T19:32:10","modified_gmt":"2026-07-03T19:32:10","slug":"edmonton-oilers-tugevnes-asja-stanley-karika-voitnud-varavavahiga-jaahoki","status":"publish","type":"post","link":"https:\/\/www.europesays.com\/ee\/220100\/","title":{"rendered":"Edmonton Oilers tugevnes \u00e4sja Stanley karika v\u00f5itnud v\u00e4ravavahiga | J\u00e4\u00e4hoki"},"content":{"rendered":"<p>M\u00f5ne n\u00e4dala eest Stanley karika v\u00f5itnud Carolina Hurricanesi v\u00e4ravavaht Frederik Andersen s\u00f5lmis aastase lepingu Edmonton Oilersiga.<\/p>\n<p>36-aastane taanlane pakkus muljetavaldavaid esitusi Stanley karikasarjas, aga liitus n\u00fc\u00fcd Edmontoniga, kellega s\u00f5lmis 2,8 miljonit USA dollarit v\u00e4\u00e4rt lepingu. Tema baastasu on \u00fcks miljon, millele lisandub veel kuni 1,8 miljonit v\u00f5imalikke boonuseid.<\/p>\n<p>Kogenud puuriluku p\u00f5hihooaeg Carolina s\u00e4rgis polnud midagi erilist: 35 m\u00e4ngu jooksul lasi ta endale visata keskmiselt 3,05 v\u00e4ravat ja tema t\u00f5rjeprotsent oli 87,4. Stanley karikasarjas aga pilt muutus: 16 m\u00e4nguga lasi ta endale visata keskmiselt vaid 1,89 v\u00e4ravat ja t\u00f5rjeprotsent t\u00f5usis 91,0 peale.<\/p>\n<p>Andersen pole m\u00f5istagi juhuslik s\u00e4hvatus, sest ta on senise karj\u00e4\u00e4ri jooksul valitud ka kahele t\u00e4htede m\u00e4ngule, tal on kaks William M. Jenningsi trofeed, mille teenivad hooaja jooksul k\u00f5ige v\u00e4hem v\u00e4ravaid lasknud v\u00e4ravavahid ja 2018. aasta MM-il nimetati ta ka parimaks v\u00e4ravavahiks.<\/p>\n<p>Andersen alustas NHL-i karj\u00e4\u00e4ri hooajal 2013\/2014 Anaheim Ducksi rivistuses, liitus 2016. aastal Toronto Maple Leafsi ja 2021. aastal Carolina Hurricanesiga, kellega v\u00f5itis t\u00e4navu kevadel ka oma karj\u00e4\u00e4ri esimese Stanley karika.<\/p>\n","protected":false},"excerpt":{"rendered":"M\u00f5ne n\u00e4dala eest Stanley karika v\u00f5itnud Carolina Hurricanesi v\u00e4ravavaht Frederik Andersen s\u00f5lmis aastase lepingu Edmonton Oilersiga. 36-aastane taanlane&hellip;\n","protected":false},"author":2,"featured_media":220101,"comment_status":"","ping_status":"","sticky":false,"template":"","format":"standard","meta":{"footnotes":"","_share_on_mastodon":"0"},"categories":[18],"tags":[9062,37,33,35,34,36,89943,4936,159,158],"class_list":["post-220100","post","type-post","status-publish","format-standard","has-post-thumbnail","category-sport","tag-edmonton-oilers","tag-ee","tag-eesti","tag-eesti-keel","tag-estonia","tag-estonian","tag-frederik-andersen","tag-nhl","tag-sport","tag-sports"],"share_on_mastodon":{"url":"https:\/\/pubeurope.com\/@ee\/116857716475859547","error":""},"_links":{"self":[{"href":"https:\/\/www.europesays.com\/ee\/wp-json\/wp\/v2\/posts\/220100","targetHints":{"allow":["GET"]}}],"collection":[{"href":"https:\/\/www.europesays.com\/ee\/wp-json\/wp\/v2\/posts"}],"about":[{"href":"https:\/\/www.europesays.com\/ee\/wp-json\/wp\/v2\/types\/post"}],"author":[{"embeddable":true,"href":"https:\/\/www.europesays.com\/ee\/wp-json\/wp\/v2\/users\/2"}],"replies":[{"embeddable":true,"href":"https:\/\/www.europesays.com\/ee\/wp-json\/wp\/v2\/comments?post=220100"}],"version-history":[{"count":0,"href":"https:\/\/www.europesays.com\/ee\/wp-json\/wp\/v2\/posts\/220100\/revisions"}],"wp:featuredmedia":[{"embeddable":true,"href":"https:\/\/www.europesays.com\/ee\/wp-json\/wp\/v2\/media\/220101"}],"wp:attachment":[{"href":"https:\/\/www.europesays.com\/ee\/wp-json\/wp\/v2\/media?parent=220100"}],"wp:term":[{"taxonomy":"category","embeddable":true,"href":"https:\/\/www.europesays.com\/ee\/wp-json\/wp\/v2\/categories?post=220100"},{"taxonomy":"post_tag","embeddable":true,"href":"https:\/\/www.europesays.com\/ee\/wp-json\/wp\/v2\/tags?post=220100"}],"curies":[{"name":"wp","href":"https:\/\/api.w.org\/{rel}","templated":true}]}}