{"id":220285,"date":"2026-07-04T02:20:08","date_gmt":"2026-07-04T02:20:08","guid":{"rendered":"https:\/\/www.europesays.com\/ee\/220285\/"},"modified":"2026-07-04T02:20:08","modified_gmt":"2026-07-04T02:20:08","slug":"mitmepalgeline-usa-joukalt-vaene-haritult-rumal-agressiivselt-usklik-demokraatlikult-autoritaarne","status":"publish","type":"post","link":"https:\/\/www.europesays.com\/ee\/220285\/","title":{"rendered":"MITMEPALGELINE USA | J\u00f5ukalt vaene, haritult rumal, agressiivselt usklik, demokraatlikult autoritaarne"},"content":{"rendered":"<p>Erinevused ameeriklaste ja eurooplaste elukorralduse vahel hakkasid aga p\u00e4rast <a rel=\"noopener nofollow\" target=\"_blank\" href=\"https:\/\/www.delfi.ee\/teema\/22971743\/usa\" data-rel-date-range=\"[]\">USA<\/a> iseseisvumist kiiresti s\u00fcvenema. \u00dchendriigid on 250 aasta jooksul n\u00e4idanud m\u00e4rkimisv\u00e4\u00e4rset arengukiirust ning j\u00e4tnud paljudes valdkondades Atlandi-tagused sugulased positiivses, aga kahjuks ka negatiivses m\u00f5ttes kaugele maha. <\/p>\n<p>Teised riigid v\u00f5ivad pingutada naba paigast, aga USA on juba \u00fcle saja j\u00e4rjestikuse aasta olnud maailma suurim majandus. Kui \u00fche taskusse koguneb palju k\u00f5lisevat, on m\u00f5ni teine tasku t\u00fchjem. \u00dchendriikides ongi j\u00f5ukus jagunenud \u00e4\u00e4rmiselt eba\u00fchtlaselt. <\/p>\n<p>Vastuolulisust on Ameerikas veel kuhjaga.<\/p>\n<p>Oled juba tellija?Logi sisse<\/p>\n<p><a href=\"https:\/\/www.delfi.ee\/artikkel\/120591681\/mitmepalgeline-usa-joukalt-vaene-haritult-rumal-agressiivselt-usklik-demokraatlikult-autoritaarne\/kommentaarid\" class=\"article-body-bottom__comment article-body-bottom__comment--write button button--primary button--size-auto\" rel=\"nofollow noopener\" target=\"_blank\"> Kommenteeri <\/a><a href=\"https:\/\/www.delfi.ee\/artikkel\/120591681\/mitmepalgeline-usa-joukalt-vaene-haritult-rumal-agressiivselt-usklik-demokraatlikult-autoritaarne\/kommentaarid\" class=\"article-body-bottom__comment article-body-bottom__comment--read button button--size-auto\" rel=\"nofollow noopener\" target=\"_blank\"> Loe kommentaare <\/a><\/p>\n","protected":false},"excerpt":{"rendered":"Erinevused ameeriklaste ja eurooplaste elukorralduse vahel hakkasid aga p\u00e4rast USA iseseisvumist kiiresti s\u00fcvenema. \u00dchendriigid on 250 aasta jooksul&hellip;\n","protected":false},"author":2,"featured_media":220286,"comment_status":"","ping_status":"","sticky":false,"template":"","format":"standard","meta":{"footnotes":"","_share_on_mastodon":"0"},"categories":[14],"tags":[587,131,130,37,33,35,34,36,169,325,89995],"class_list":["post-220285","post","type-post","status-publish","format-standard","has-post-thumbnail","category-ari","tag-ameerika-uhendriigid","tag-ari","tag-business","tag-ee","tag-eesti","tag-eesti-keel","tag-estonia","tag-estonian","tag-statistika","tag-usa","tag-usa250"],"share_on_mastodon":{"url":"https:\/\/pubeurope.com\/@ee\/116859320719734368","error":""},"_links":{"self":[{"href":"https:\/\/www.europesays.com\/ee\/wp-json\/wp\/v2\/posts\/220285","targetHints":{"allow":["GET"]}}],"collection":[{"href":"https:\/\/www.europesays.com\/ee\/wp-json\/wp\/v2\/posts"}],"about":[{"href":"https:\/\/www.europesays.com\/ee\/wp-json\/wp\/v2\/types\/post"}],"author":[{"embeddable":true,"href":"https:\/\/www.europesays.com\/ee\/wp-json\/wp\/v2\/users\/2"}],"replies":[{"embeddable":true,"href":"https:\/\/www.europesays.com\/ee\/wp-json\/wp\/v2\/comments?post=220285"}],"version-history":[{"count":0,"href":"https:\/\/www.europesays.com\/ee\/wp-json\/wp\/v2\/posts\/220285\/revisions"}],"wp:featuredmedia":[{"embeddable":true,"href":"https:\/\/www.europesays.com\/ee\/wp-json\/wp\/v2\/media\/220286"}],"wp:attachment":[{"href":"https:\/\/www.europesays.com\/ee\/wp-json\/wp\/v2\/media?parent=220285"}],"wp:term":[{"taxonomy":"category","embeddable":true,"href":"https:\/\/www.europesays.com\/ee\/wp-json\/wp\/v2\/categories?post=220285"},{"taxonomy":"post_tag","embeddable":true,"href":"https:\/\/www.europesays.com\/ee\/wp-json\/wp\/v2\/tags?post=220285"}],"curies":[{"name":"wp","href":"https:\/\/api.w.org\/{rel}","templated":true}]}}