{"id":220301,"date":"2026-07-04T02:54:09","date_gmt":"2026-07-04T02:54:09","guid":{"rendered":"https:\/\/www.europesays.com\/ee\/220301\/"},"modified":"2026-07-04T02:54:09","modified_gmt":"2026-07-04T02:54:09","slug":"saksamaal-oodatakse-nadalavahetusel-paremaarmusliku-afd-kongressi-ajal-massiproteste","status":"publish","type":"post","link":"https:\/\/www.europesays.com\/ee\/220301\/","title":{"rendered":"Saksamaal oodatakse n\u00e4dalavahetusel parem\u00e4\u00e4rmusliku AfD kongressi ajal massiproteste"},"content":{"rendered":"<p>Saksamaa politsei valmistub sel n\u00e4dalavahetusel valvama parem\u00e4\u00e4rmusliku partei Alternatiiv Saksamaale (AfD) iga-aastast kongressi k\u00fcmnete tuhandete antifa\u0161istlike meeleavaldajate eest, kes on kindlalt otsustanud selle toimumist takistada.<\/p>\n<p>Vastasseis T\u00fc\u00fcringi liidumaal asuvas Erfurdi linnas leiab aset ajal, mil opositsioonierakonna AfD toetus on riiklikes arvamusk\u00fcsitlustes h\u00fcppeliselt kasvanud, edestades k\u00f5iki teisi parteisid.<\/p>\n","protected":false},"excerpt":{"rendered":"Saksamaa politsei valmistub sel n\u00e4dalavahetusel valvama parem\u00e4\u00e4rmusliku partei Alternatiiv Saksamaale (AfD) iga-aastast kongressi k\u00fcmnete tuhandete antifa\u0161istlike meeleavaldajate eest,&hellip;\n","protected":false},"author":2,"featured_media":220302,"comment_status":"","ping_status":"","sticky":false,"template":"","format":"standard","meta":{"footnotes":"","_share_on_mastodon":"0"},"categories":[80],"tags":[12512,31220,27031,4618,89997,26,27,8974,37,33,35,60800,34,36,31,32,89999,1142,21,28,29,95,89998,19,25,51,31224,23,24,89996,22,20,30,92,93,94],"class_list":["post-220301","post","type-post","status-publish","format-standard","has-post-thumbnail","category-maailm","tag-afd","tag-alice-weidel","tag-alternatiiv-saksamaale","tag-angela-merkel","tag-beatrix-von-storch","tag-breaking-news","tag-breakingnews","tag-der-spiegel","tag-ee","tag-eesti","tag-eesti-keel","tag-erfurt","tag-estonia","tag-estonian","tag-featured-news","tag-featurednews","tag-forsa","tag-friedrich-merz","tag-headlines","tag-latest-news","tag-latestnews","tag-maailm","tag-manfred-gullner","tag-news","tag-populaarseimad-lood","tag-saksamaa","tag-tino-chrupalla","tag-top-stories","tag-topstories","tag-tuuringi","tag-uldised-uudised","tag-uudised","tag-viimased-uudised","tag-world","tag-world-news","tag-worldnews"],"share_on_mastodon":{"url":"","error":"Validation failed: Text character limit of 500 exceeded"},"_links":{"self":[{"href":"https:\/\/www.europesays.com\/ee\/wp-json\/wp\/v2\/posts\/220301","targetHints":{"allow":["GET"]}}],"collection":[{"href":"https:\/\/www.europesays.com\/ee\/wp-json\/wp\/v2\/posts"}],"about":[{"href":"https:\/\/www.europesays.com\/ee\/wp-json\/wp\/v2\/types\/post"}],"author":[{"embeddable":true,"href":"https:\/\/www.europesays.com\/ee\/wp-json\/wp\/v2\/users\/2"}],"replies":[{"embeddable":true,"href":"https:\/\/www.europesays.com\/ee\/wp-json\/wp\/v2\/comments?post=220301"}],"version-history":[{"count":0,"href":"https:\/\/www.europesays.com\/ee\/wp-json\/wp\/v2\/posts\/220301\/revisions"}],"wp:featuredmedia":[{"embeddable":true,"href":"https:\/\/www.europesays.com\/ee\/wp-json\/wp\/v2\/media\/220302"}],"wp:attachment":[{"href":"https:\/\/www.europesays.com\/ee\/wp-json\/wp\/v2\/media?parent=220301"}],"wp:term":[{"taxonomy":"category","embeddable":true,"href":"https:\/\/www.europesays.com\/ee\/wp-json\/wp\/v2\/categories?post=220301"},{"taxonomy":"post_tag","embeddable":true,"href":"https:\/\/www.europesays.com\/ee\/wp-json\/wp\/v2\/tags?post=220301"}],"curies":[{"name":"wp","href":"https:\/\/api.w.org\/{rel}","templated":true}]}}