{"id":220495,"date":"2026-07-04T10:39:12","date_gmt":"2026-07-04T10:39:12","guid":{"rendered":"https:\/\/www.europesays.com\/ee\/220495\/"},"modified":"2026-07-04T10:39:12","modified_gmt":"2026-07-04T10:39:12","slug":"video-%e2%9f%a9-kolmandat-last-ootav-anne-hathaway-jagas-kelmika-reaktsiooniga-oma-moeapsakat","status":"publish","type":"post","link":"https:\/\/www.europesays.com\/ee\/220495\/","title":{"rendered":"VIDEO \u27e9 Kolmandat last ootav Anne Hathaway jagas kelmika reaktsiooniga oma moeapsakat"},"content":{"rendered":"<p>Oma kolmandat last ootava n\u00e4itlejanna Anne Hathaway jaoks on mugavus praegu esmat\u00e4htis. N\u00e4itlejanna j\u00e4i New Yorgis toimunud filmi \u00abThe Odyssey\u00bb pressi\u00fcritusel silma sellega, et eelistas pilkup\u00fc\u00fcdvat punast r\u00f5ivakomplekti kanda taskukohaste ja mugavate Vivaia kitten-kontsaga sandaalidega. Jalan\u00f5ud maksavad umbes 110 eurot, vahendab <a target=\"_blank\" rel=\"noopener noreferrer nofollow\" href=\"https:\/\/pagesix.com\/2026\/07\/01\/style\/anne-hathaway-129-vivaia-heels-are-so-comfortable\/\">Page Six<\/a>.<\/p>\n","protected":false},"excerpt":{"rendered":"Oma kolmandat last ootava n\u00e4itlejanna Anne Hathaway jaoks on mugavus praegu esmat\u00e4htis. N\u00e4itlejanna j\u00e4i New Yorgis toimunud filmi&hellip;\n","protected":false},"author":2,"featured_media":220496,"comment_status":"","ping_status":"","sticky":false,"template":"","format":"standard","meta":{"footnotes":"","_share_on_mastodon":"0"},"categories":[12],"tags":[27474,26,27,37,33,35,34,36,31,32,21,5922,90079,4862,90078,28,29,5396,1173,19,82748,25,10744,90077,90075,23,24,22,20,30,90076],"class_list":["post-220495","post","type-post","status-publish","format-standard","has-post-thumbnail","category-eesti","tag-anne-hathaway","tag-breaking-news","tag-breakingnews","tag-ee","tag-eesti","tag-eesti-keel","tag-estonia","tag-estonian","tag-featured-news","tag-featurednews","tag-headlines","tag-instagram","tag-instyle","tag-jalanoud","tag-kitten-konts","tag-latest-news","tag-latestnews","tag-mood","tag-new-york","tag-news","tag-page-six","tag-populaarseimad-lood","tag-rasedus","tag-rasedusriided","tag-the-odyssey","tag-top-stories","tag-topstories","tag-uldised-uudised","tag-uudised","tag-viimased-uudised","tag-vivaia"],"share_on_mastodon":{"url":"https:\/\/pubeurope.com\/@ee\/116861282772695808","error":""},"_links":{"self":[{"href":"https:\/\/www.europesays.com\/ee\/wp-json\/wp\/v2\/posts\/220495","targetHints":{"allow":["GET"]}}],"collection":[{"href":"https:\/\/www.europesays.com\/ee\/wp-json\/wp\/v2\/posts"}],"about":[{"href":"https:\/\/www.europesays.com\/ee\/wp-json\/wp\/v2\/types\/post"}],"author":[{"embeddable":true,"href":"https:\/\/www.europesays.com\/ee\/wp-json\/wp\/v2\/users\/2"}],"replies":[{"embeddable":true,"href":"https:\/\/www.europesays.com\/ee\/wp-json\/wp\/v2\/comments?post=220495"}],"version-history":[{"count":0,"href":"https:\/\/www.europesays.com\/ee\/wp-json\/wp\/v2\/posts\/220495\/revisions"}],"wp:featuredmedia":[{"embeddable":true,"href":"https:\/\/www.europesays.com\/ee\/wp-json\/wp\/v2\/media\/220496"}],"wp:attachment":[{"href":"https:\/\/www.europesays.com\/ee\/wp-json\/wp\/v2\/media?parent=220495"}],"wp:term":[{"taxonomy":"category","embeddable":true,"href":"https:\/\/www.europesays.com\/ee\/wp-json\/wp\/v2\/categories?post=220495"},{"taxonomy":"post_tag","embeddable":true,"href":"https:\/\/www.europesays.com\/ee\/wp-json\/wp\/v2\/tags?post=220495"}],"curies":[{"name":"wp","href":"https:\/\/api.w.org\/{rel}","templated":true}]}}