{"id":220545,"date":"2026-07-04T12:28:09","date_gmt":"2026-07-04T12:28:09","guid":{"rendered":"https:\/\/www.europesays.com\/ee\/220545\/"},"modified":"2026-07-04T12:28:09","modified_gmt":"2026-07-04T12:28:09","slug":"fotod-eesti-peegelmajade-tootja-on-ikoonilise-f1-voistluse-ametlik-majutuspartner","status":"publish","type":"post","link":"https:\/\/www.europesays.com\/ee\/220545\/","title":{"rendered":"FOTOD | Eesti peegelmajade tootja on ikoonilise F1 v\u00f5istluse ametlik majutuspartner"},"content":{"rendered":"<p><img decoding=\"async\" src=\"https:\/\/www.europesays.com\/ee\/wp-content\/uploads\/2026\/07\/91437a92-9ea4-4437-b6e9-e87a7db29ecd.jpg\" loading=\"lazy\" alt=\"F1 Briti Grand Prix on Silverstone\u2019i ringrajal peetav vormel-1 maailmameistriv\u00f5istluste etapp.\"\/><\/p>\n<p>F1 Briti Grand Prix on Silverstone\u2019i ringrajal peetav vormel-1 maailmameistriv\u00f5istluste etapp.<\/p>\n<p>FOTO: Roger Parker \/ Alamy Stock Photo| Scanpix<\/p>\n<p>Sel n\u00e4dalavahetusel, 3.\u20135. juulini toimub Inglismaal <a rel=\"noopener nofollow\" target=\"_blank\" href=\"https:\/\/www.delfi.ee\/teema\/23826137\/silverstone\" tag-id=\"23826137\">Silverstone\u2019i<\/a> ringrajal <a rel=\"noopener nofollow\" target=\"_blank\" href=\"https:\/\/www.delfi.ee\/teema\/22618755\/f1\" tag-id=\"22618755\">F1<\/a> Pirelli Briti Grand Prix. V\u00f5istluse ametlik majutuspartner on Eesti <a rel=\"noopener nofollow\" target=\"_blank\" href=\"https:\/\/www.delfi.ee\/teema\/96937404\/peegelmaja\" tag-id=\"96937404\">peegelmajade<\/a> tootja <a rel=\"noopener nofollow\" target=\"_blank\" href=\"https:\/\/www.delfi.ee\/teema\/96863253\/ood-1\" tag-id=\"96863253\">\u00d6\u00d6D<\/a>, kes paigaldas oma lahenduse otse maailma \u00fche tuntuma mootorispordi\u00fcrituse s\u00fcdamesse.<\/p>\n","protected":false},"excerpt":{"rendered":"F1 Briti Grand Prix on Silverstone\u2019i ringrajal peetav vormel-1 maailmameistriv\u00f5istluste etapp. FOTO: Roger Parker \/ Alamy Stock Photo|&hellip;\n","protected":false},"author":2,"featured_media":220546,"comment_status":"","ping_status":"","sticky":false,"template":"","format":"standard","meta":{"footnotes":"","_share_on_mastodon":"0"},"categories":[18],"tags":[37,33,35,34,36,8136,90092,90093,28517,159,158],"class_list":["post-220545","post","type-post","status-publish","format-standard","has-post-thumbnail","category-sport","tag-ee","tag-eesti","tag-eesti-keel","tag-estonia","tag-estonian","tag-f1","tag-ood","tag-peegelmaja","tag-silverstone","tag-sport","tag-sports"],"share_on_mastodon":{"url":"https:\/\/pubeurope.com\/@ee\/116861711992767880","error":""},"_links":{"self":[{"href":"https:\/\/www.europesays.com\/ee\/wp-json\/wp\/v2\/posts\/220545","targetHints":{"allow":["GET"]}}],"collection":[{"href":"https:\/\/www.europesays.com\/ee\/wp-json\/wp\/v2\/posts"}],"about":[{"href":"https:\/\/www.europesays.com\/ee\/wp-json\/wp\/v2\/types\/post"}],"author":[{"embeddable":true,"href":"https:\/\/www.europesays.com\/ee\/wp-json\/wp\/v2\/users\/2"}],"replies":[{"embeddable":true,"href":"https:\/\/www.europesays.com\/ee\/wp-json\/wp\/v2\/comments?post=220545"}],"version-history":[{"count":0,"href":"https:\/\/www.europesays.com\/ee\/wp-json\/wp\/v2\/posts\/220545\/revisions"}],"wp:featuredmedia":[{"embeddable":true,"href":"https:\/\/www.europesays.com\/ee\/wp-json\/wp\/v2\/media\/220546"}],"wp:attachment":[{"href":"https:\/\/www.europesays.com\/ee\/wp-json\/wp\/v2\/media?parent=220545"}],"wp:term":[{"taxonomy":"category","embeddable":true,"href":"https:\/\/www.europesays.com\/ee\/wp-json\/wp\/v2\/categories?post=220545"},{"taxonomy":"post_tag","embeddable":true,"href":"https:\/\/www.europesays.com\/ee\/wp-json\/wp\/v2\/tags?post=220545"}],"curies":[{"name":"wp","href":"https:\/\/api.w.org\/{rel}","templated":true}]}}