{"id":220604,"date":"2026-07-04T13:44:13","date_gmt":"2026-07-04T13:44:13","guid":{"rendered":"https:\/\/www.europesays.com\/ee\/220604\/"},"modified":"2026-07-04T13:44:13","modified_gmt":"2026-07-04T13:44:13","slug":"galerii-ja-reportaaz-%e2%9f%a9-torupillist-piano-boum-boumini-tartu-punchi-esimene-paev-tais-varvikaid-eesti-ja-valisartiste","status":"publish","type":"post","link":"https:\/\/www.europesays.com\/ee\/220604\/","title":{"rendered":"GALERII JA REPORTAA\u017d \u27e9 Torupillist \u00abpiano-boum-boum\u2019ini\u00bb: Tartu Punchi esimene p\u00e4ev, t\u00e4is v\u00e4rvikaid Eesti ja v\u00e4lisartiste"},"content":{"rendered":"<p>Kuigi Tartu Punchi festivali esimese p\u00e4eva hommik paistis pilvine ja \u00e4hvardas vihmale kiskuda, siis p\u00e4eva esimene Sadu toimus \u00f5nneks vaid pealaval, mis m\u00f5jus pisut ootamatuna, sest nii eesti publiku kui ka kriitikute palava lemmikuna v\u00e4\u00e4rinuks nad esinemisaega pigem \u00f5htu teises pooles ehk prime time\u2019is. Publikut oli sel ajal veel v\u00e4hev\u00f5itu, kuid Sadu suutis k\u00f5ik kohalviibijad kaasa haarata alates avaloo \u00abIgavene\u00bb avaakordidest. Sadu on kahtlemata midagi t\u00e4iesti uudset ja oman\u00e4olist Eesti muusikamaastikul, kuid on kiiduv\u00e4\u00e4rt, et Sandra Sillamaa on uude b\u00e4ndi kaasa v\u00f5tnud ka juba Trad Attacki aegadest tuttava torupilli, mis sobib suurep\u00e4raselt ka Sadu repertuaari, lisades iiriliku folgilikkust, mis Eesti muusikas k\u00f5lab v\u00e4ga erilisena.<\/p>\n","protected":false},"excerpt":{"rendered":"Kuigi Tartu Punchi festivali esimese p\u00e4eva hommik paistis pilvine ja \u00e4hvardas vihmale kiskuda, siis p\u00e4eva esimene Sadu toimus&hellip;\n","protected":false},"author":2,"featured_media":220605,"comment_status":"","ping_status":"","sticky":false,"template":"","format":"standard","meta":{"footnotes":"","_share_on_mastodon":"0"},"categories":[16],"tags":[88488,37,33,35,90113,90114,173,34,36,88492,140,40629,23438,5020,205,90112,17451,55870,250,550],"class_list":["post-220604","post","type-post","status-publish","format-standard","has-post-thumbnail","category-meelelahutus","tag-baxter-dury","tag-ee","tag-eesti","tag-eesti-keel","tag-eklektika","tag-eliann-tulve","tag-entertainment","tag-estonia","tag-estonian","tag-holy-motors","tag-meelelahutus","tag-mihkel-kuusk","tag-rita-ray","tag-sadu","tag-sandra-sillamaa","tag-tarmo-sikk","tag-tartu-laululava","tag-tartu-punch","tag-trad-attack","tag-vaiko-eplik"],"share_on_mastodon":{"url":"https:\/\/pubeurope.com\/@ee\/116862010225472189","error":""},"_links":{"self":[{"href":"https:\/\/www.europesays.com\/ee\/wp-json\/wp\/v2\/posts\/220604","targetHints":{"allow":["GET"]}}],"collection":[{"href":"https:\/\/www.europesays.com\/ee\/wp-json\/wp\/v2\/posts"}],"about":[{"href":"https:\/\/www.europesays.com\/ee\/wp-json\/wp\/v2\/types\/post"}],"author":[{"embeddable":true,"href":"https:\/\/www.europesays.com\/ee\/wp-json\/wp\/v2\/users\/2"}],"replies":[{"embeddable":true,"href":"https:\/\/www.europesays.com\/ee\/wp-json\/wp\/v2\/comments?post=220604"}],"version-history":[{"count":0,"href":"https:\/\/www.europesays.com\/ee\/wp-json\/wp\/v2\/posts\/220604\/revisions"}],"wp:featuredmedia":[{"embeddable":true,"href":"https:\/\/www.europesays.com\/ee\/wp-json\/wp\/v2\/media\/220605"}],"wp:attachment":[{"href":"https:\/\/www.europesays.com\/ee\/wp-json\/wp\/v2\/media?parent=220604"}],"wp:term":[{"taxonomy":"category","embeddable":true,"href":"https:\/\/www.europesays.com\/ee\/wp-json\/wp\/v2\/categories?post=220604"},{"taxonomy":"post_tag","embeddable":true,"href":"https:\/\/www.europesays.com\/ee\/wp-json\/wp\/v2\/tags?post=220604"}],"curies":[{"name":"wp","href":"https:\/\/api.w.org\/{rel}","templated":true}]}}