{"id":220612,"date":"2026-07-04T13:49:12","date_gmt":"2026-07-04T13:49:12","guid":{"rendered":"https:\/\/www.europesays.com\/ee\/220612\/"},"modified":"2026-07-04T13:49:12","modified_gmt":"2026-07-04T13:49:12","slug":"saksamaal-toimusid-afd-kongressi-tottu-massimeeleavaldused-valismaa","status":"publish","type":"post","link":"https:\/\/www.europesays.com\/ee\/220612\/","title":{"rendered":"Saksamaal toimusid AfD kongressi t\u00f5ttu massimeeleavaldused | V\u00e4lismaa"},"content":{"rendered":"<p>Saksamaal tulvasid laup\u00e4eval tuhanded meeleavaldajad Erfurti t\u00e4navatele, et takistada parem\u00e4\u00e4rmusliku partei Alternatiiv Saksamaale (AfD) iga-aastast kongressi.<\/p>\n<p>Politsei andmetel kogunes T\u00fc\u00fcringi liidumaal asuvasse linna umbes 20 000 inimest, et protesteerida AfD vastu, mis on arvamusk\u00fcsitlustes juhtima l\u00e4inud.<\/p>\n<p>Meeleavaldajad blokeerisid linna sisses\u00f5iduteid, m\u00f5ned neist laskusid k\u00f6iega kiirteesillalt. AFP ajakirjanike s\u00f5nul korraldasid mitmed r\u00fchmad kesklinna \u00fcmbruses istumisblokaade.<\/p>\n<p>Enamikul AfD delegaatidest \u00f5nnestus siiski j\u00f5uda konverentsikeskusesse, kus kongress algas \u00f5igeaegselt.<\/p>\n<p>&#8220;On oluline saata signaal paremp\u00f6\u00f6rde vastu,&#8221; \u00fctles AFP-le 19-aastane meeleavaldaja Lene Krug Erfurdist idas asuvast Gerast.<\/p>\n<p>&#8220;AfD on ebademokraatlik partei, mis levitab vihkamist.&#8221;<\/p>\n<p>&#8220;Aastad 1933 kuni 1945 ei tohi enam kunagi korduda,&#8221; lisas teine protestija, 44-aastane Ella, kelle protestir\u00fchm kleepis end linnav\u00e4ljakul trammir\u00f6\u00f6baste k\u00fclge.<\/p>\n<p>&#8220;Demokraatlikud erakonnad peavad m\u00f5istma, et nad peavad AfD keelustama.&#8221;<\/p>\n<p>Protestid olid suures osas rahumeelsed, kuid teatati v\u00e4iksematest r\u00fcselustest meeleavaldajate ja politsei vahel.<\/p>\n<p>N\u00e4dalaleht Der Spiegel tsiteeris politsei sisedokumente, mille kohaselt oodati kuni 2500 v\u00e4givallaks valmisolevat meeleavaldajat.<\/p>\n<p>AfD kiire t\u00f5us on muutnud \u00e4revaks paljud sakslased, kes tunnevad Saksamaa tumeda natsimineviku t\u00f5ttu erilist kohustust v\u00f5idelda parem\u00e4\u00e4rmusliku poliitika vastu.<\/p>\n<p>M\u00f5ned on n\u00e4inud tahtlikku provokatsiooni selles, et AfD peab oma Erfurdi konverentsi l\u00e4hedalasuvas Weimaris toimunud natside konverentsi 100. aastap\u00e4eval \u2013 s\u00fc\u00fcdistus, mida AfD eitab.<\/p>\n<p>Kuid \u00fcks AfD kaasjuhtidest, Tino Chrupalla, kritiseeris teravalt meeleavaldajaid, \u00f6eldes, et peavooluerakonnad on nad &#8220;veoautodega siia \u00fcle kogu riigi kohale vedanud&#8221;.<\/p>\n","protected":false},"excerpt":{"rendered":"Saksamaal tulvasid laup\u00e4eval tuhanded meeleavaldajad Erfurti t\u00e4navatele, et takistada parem\u00e4\u00e4rmusliku partei Alternatiiv Saksamaale (AfD) iga-aastast kongressi. Politsei andmetel&hellip;\n","protected":false},"author":2,"featured_media":220613,"comment_status":"","ping_status":"","sticky":false,"template":"","format":"standard","meta":{"footnotes":"","_share_on_mastodon":"0"},"categories":[5],"tags":[12512,26,27,37,33,35,34,36,31,32,21,28,29,19,25,23,24,22,20,30],"class_list":["post-220612","post","type-post","status-publish","format-standard","has-post-thumbnail","category-uldised-uudised","tag-afd","tag-breaking-news","tag-breakingnews","tag-ee","tag-eesti","tag-eesti-keel","tag-estonia","tag-estonian","tag-featured-news","tag-featurednews","tag-headlines","tag-latest-news","tag-latestnews","tag-news","tag-populaarseimad-lood","tag-top-stories","tag-topstories","tag-uldised-uudised","tag-uudised","tag-viimased-uudised"],"share_on_mastodon":{"url":"https:\/\/pubeurope.com\/@ee\/116862030000830726","error":""},"_links":{"self":[{"href":"https:\/\/www.europesays.com\/ee\/wp-json\/wp\/v2\/posts\/220612","targetHints":{"allow":["GET"]}}],"collection":[{"href":"https:\/\/www.europesays.com\/ee\/wp-json\/wp\/v2\/posts"}],"about":[{"href":"https:\/\/www.europesays.com\/ee\/wp-json\/wp\/v2\/types\/post"}],"author":[{"embeddable":true,"href":"https:\/\/www.europesays.com\/ee\/wp-json\/wp\/v2\/users\/2"}],"replies":[{"embeddable":true,"href":"https:\/\/www.europesays.com\/ee\/wp-json\/wp\/v2\/comments?post=220612"}],"version-history":[{"count":0,"href":"https:\/\/www.europesays.com\/ee\/wp-json\/wp\/v2\/posts\/220612\/revisions"}],"wp:featuredmedia":[{"embeddable":true,"href":"https:\/\/www.europesays.com\/ee\/wp-json\/wp\/v2\/media\/220613"}],"wp:attachment":[{"href":"https:\/\/www.europesays.com\/ee\/wp-json\/wp\/v2\/media?parent=220612"}],"wp:term":[{"taxonomy":"category","embeddable":true,"href":"https:\/\/www.europesays.com\/ee\/wp-json\/wp\/v2\/categories?post=220612"},{"taxonomy":"post_tag","embeddable":true,"href":"https:\/\/www.europesays.com\/ee\/wp-json\/wp\/v2\/tags?post=220612"}],"curies":[{"name":"wp","href":"https:\/\/api.w.org\/{rel}","templated":true}]}}