{"id":220626,"date":"2026-07-04T14:07:11","date_gmt":"2026-07-04T14:07:11","guid":{"rendered":"https:\/\/www.europesays.com\/ee\/220626\/"},"modified":"2026-07-04T14:07:11","modified_gmt":"2026-07-04T14:07:11","slug":"asendaja-paigas-cristiano-ronaldo-naaseb-mm-ilt-uue-bossi-kae-alla-soccernet-ee","status":"publish","type":"post","link":"https:\/\/www.europesays.com\/ee\/220626\/","title":{"rendered":"Asendaja paigas: Cristiano Ronaldo naaseb MM-ilt uue bossi k\u00e4e alla &#8211; Soccernet.ee"},"content":{"rendered":"<p><img decoding=\"async\" src=\"https:\/\/www.europesays.com\/ee\/wp-content\/uploads\/2026\/07\/1783153425.jpg\" alt=\"Ange Postecoglou j\u00e4tkab t\u00f6\u00f6d Saudi Araabias. Foto: Scanpix \/ Mike Egerton \/ PA via AP\"\/>&#13;\n<\/p>\n<p>Eelmisel kevadel Tottenham Hotspuri Euroopa liiga tiitlini viinud, seej\u00e4rel ikkagi vallandatud ning siis Nottingham Forestis vaid kaheksa m\u00e4ngu ja 39 p\u00e4eva jagu ametis p\u00fcsnud Ange Postecoglou leidis uue t\u00f6\u00f6koha Saudi Araabiast, kus temast saab Cristiano Ronaldo uus juhendaja.<\/p>\n<p>Al-Nassriga kaheks aastaks k\u00e4ed l\u00f6\u00f6nud 60-aastane Postecoglou peab astuma suurtesse saabastesse, sest 71-aastane Portugali legend Jorge Jesus viis meeskonna maikuus esmakordselt Saudi Araabia meistriks, aga pani seej\u00e4rel ameti maha. Postecoglou jaoks on tegu esimese t\u00f6\u00f6kohaga p\u00e4rast seda, kui ta mullu oktoobris Foresti t\u00fc\u00fcri juurest vallandati.&#13;\n<\/p>\n<p>Kreekas s\u00fcndinud, aga juba viieaastaselt koos perega Austraaliasse kolinud Postecoglou on lisaks Austraalia ja Kreeka klubidele ning Austraalia noortekoondistele olnud aastatel 2013-17 Austraalia A-koondise juhendaja. Aastatel 2021-23 viis ta Celticu kahel korral \u0160otimaa meistriks ning v\u00f5ttis siis \u00fcle Tottenhami, kellega l\u00f5petati hooaeg 2023-24 Premier League&#8217;is viiendal kohal. J\u00e4rgmine hooaeg t\u00f5i kaasa suure pettumuse ja liigatabeli 17. pulgale j\u00e4\u00e4mise, ent Euroopa liiga finaalis alistati 1:0 Manchester United ja v\u00f5ideti 17-aastase pausi j\u00e4rel klubi esimene karikas.&#13;\n<\/p>\n<p>M\u00f5ni n\u00e4dal p\u00e4rast finaali otsustas Spurs siiski Postecogloule ust n\u00e4idata, ent juba septembris palkas Forest ta Nuno Espirito Santo j\u00e4rglaseks. Kaheksast esimesest voorust vaid kaks viiki v\u00f5tnud juhendaja t\u00f6\u00f6 sai otsa 39 p\u00e4eva hiljem ning sellega tegi Postecoglou Premier League&#8217;i ajalugu, sest p\u00fcsivalt ametisse nimetatud peatreeneritest ei ole keegi Inglismaa k\u00f5rgliigas l\u00fchemat t\u00f6\u00f6perioodi kirja saanud.<\/p>\n<p>K\u00e4imasoleva MM-i ajal on Postecoglou olnud ametis telekanali ITV stuudioeksperdina.\u00a0Al-Nassris ootavad teda lisaks 41-aastasele Ronaldole ees veel sellised varem Euroopa tippliigades tegusid teinud mehed nagu Sadio Mane, Kingsley Coman, Marcelo Brozovic ja Joao Felix.&#13;\n<\/p>\n<blockquote class=\"twitter-tweet\"><p>&#13;<\/p>\n<p lang=\"en\" dir=\"ltr\">It&#8217;s official: \u270d\ufe0f<br \/>&#13;<br \/>\nMr. Ange Postecoglou is the new Head Coach of <a href=\"https:\/\/x.com\/AlNassrFC?ref_src=twsrc%5Etfw\" rel=\"nofollow\">@AlNassrFC<\/a> \ud83d\udc9b<br \/>&#13;<br \/>\nHe signed a contract for 2 seasons.<\/p>\n<p>Welcome, Gaffer! \ud83e\udde0 <a href=\"https:\/\/t.co\/LEStlTdnQy\" rel=\"nofollow\">pic.twitter.com\/LEStlTdnQy<\/a>&#13;<br \/>\n\u2014 AlNassr FC (@AlNassrFC_EN) <a href=\"https:\/\/x.com\/AlNassrFC_EN\/status\/2073081090059673961?ref_src=twsrc%5Etfw\" rel=\"nofollow\">July 3, 2026<\/a><\/p>\n<\/blockquote>\n<p>          <script async src=\"https:\/\/platform.twitter.com\/widgets.js\" charset=\"utf-8\"><\/script><\/p>\n","protected":false},"excerpt":{"rendered":"&#13; Eelmisel kevadel Tottenham Hotspuri Euroopa liiga tiitlini viinud, seej\u00e4rel ikkagi vallandatud ning siis Nottingham Forestis vaid kaheksa&hellip;\n","protected":false},"author":2,"featured_media":220627,"comment_status":"","ping_status":"","sticky":false,"template":"","format":"standard","meta":{"footnotes":"","_share_on_mastodon":"0"},"categories":[18],"tags":[19153,12789,90128,90129,3887,37,33,35,34,36,73565,3681,32617,18048,3683,6987,3888,1228,159,158,1109,1110],"class_list":["post-220626","post","type-post","status-publish","format-standard","has-post-thumbnail","category-sport","tag-al-nassr","tag-ange-postecoglou","tag-brozovic","tag-coman","tag-cristiano-ronaldo","tag-ee","tag-eesti","tag-eesti-keel","tag-estonia","tag-estonian","tag-felix","tag-forest","tag-joao-felix","tag-mane","tag-nottingham-forest","tag-postecoglou","tag-ronaldo","tag-saudi-araabia","tag-sport","tag-sports","tag-spurs","tag-tottenham"],"share_on_mastodon":{"url":"https:\/\/pubeurope.com\/@ee\/116862101015911197","error":""},"_links":{"self":[{"href":"https:\/\/www.europesays.com\/ee\/wp-json\/wp\/v2\/posts\/220626","targetHints":{"allow":["GET"]}}],"collection":[{"href":"https:\/\/www.europesays.com\/ee\/wp-json\/wp\/v2\/posts"}],"about":[{"href":"https:\/\/www.europesays.com\/ee\/wp-json\/wp\/v2\/types\/post"}],"author":[{"embeddable":true,"href":"https:\/\/www.europesays.com\/ee\/wp-json\/wp\/v2\/users\/2"}],"replies":[{"embeddable":true,"href":"https:\/\/www.europesays.com\/ee\/wp-json\/wp\/v2\/comments?post=220626"}],"version-history":[{"count":0,"href":"https:\/\/www.europesays.com\/ee\/wp-json\/wp\/v2\/posts\/220626\/revisions"}],"wp:featuredmedia":[{"embeddable":true,"href":"https:\/\/www.europesays.com\/ee\/wp-json\/wp\/v2\/media\/220627"}],"wp:attachment":[{"href":"https:\/\/www.europesays.com\/ee\/wp-json\/wp\/v2\/media?parent=220626"}],"wp:term":[{"taxonomy":"category","embeddable":true,"href":"https:\/\/www.europesays.com\/ee\/wp-json\/wp\/v2\/categories?post=220626"},{"taxonomy":"post_tag","embeddable":true,"href":"https:\/\/www.europesays.com\/ee\/wp-json\/wp\/v2\/tags?post=220626"}],"curies":[{"name":"wp","href":"https:\/\/api.w.org\/{rel}","templated":true}]}}