{"id":220656,"date":"2026-07-04T14:53:10","date_gmt":"2026-07-04T14:53:10","guid":{"rendered":"https:\/\/www.europesays.com\/ee\/220656\/"},"modified":"2026-07-04T14:53:10","modified_gmt":"2026-07-04T14:53:10","slug":"moldova-sandu-peaministri-lahkumise-spekulatsioonidest-tal-olid-valitsuse-juhtimiseks-vabad-kaed","status":"publish","type":"post","link":"https:\/\/www.europesays.com\/ee\/220656\/","title":{"rendered":"Moldova Sandu peaministri lahkumise spekulatsioonidest: tal olid valitsuse juhtimiseks vabad k\u00e4ed"},"content":{"rendered":"<p>\u201eHetkel, mil m\u00f5istsin, et ei saa enam t\u00e4ita oma mandaati koosk\u00f5las oma p\u00f5him\u00f5tete ja veendumustega, otsustasin lahkuda,\u201c kirjutas Munteanu sotsiaalmeedias reedel.<\/p>\n<p>Munteanu tagasiastumisele j\u00e4rgnenud pressiteates t\u00e4nas president Sandu poliitikut riigi juhtimise eest keerulisel perioodil, mil oli vaja meetmeid majanduse taask\u00e4ivitamiseks ja oluliste reformide algatamist. \u201eHindan tema ja kogu ministrite kabineti poolt nendel kuudel tehtud j\u00f5upingutusi,\u201c \u00fctles ta. <\/p>\n<p>Samal ajal m\u00e4rkis Sandu, et Munteanu t\u00f6\u00f6 ei vastanud t\u00e4ielikult tema ootustele. \u201eOlin ja olen veendunud, et tal on parimad kavatsused. Kuid ma ootasin suuremat kaasatust keerulistesse otsustesse, rohkem kohalolu inimeste kuulamiseks ning selgitamiseks, milliseid reforme me peame l\u00e4bi viima ja miks me peame neid l\u00e4bi viima,\u201c \u00fctles Maia Sandu.<\/p>\n<p>\u00dchtlasi l\u00fckkas president tagasi avalikkuses ringlevad v\u00e4ited, nagu oleks ta Munteanu t\u00f6\u00f6d kuidagi piiranud. \u201ePeaministril olid vabad k\u00e4ed valitsuse juhtimiseks nii, nagu ta \u00f5igeks pidas,\u201c \u00fctles Sandu. \u201eTa otsustas lahkuda. Reformid on rasked.\u201c<\/p>\n<p>Sandu s\u00f5nul algavad l\u00e4bir\u00e4\u00e4kimised uue peaministri ametisse nimetamise \u00fcle j\u00e4rgmisel n\u00e4dalal. \u201eValitsuses peab olema \u00fchtne ja tugev meeskond, mis t\u00e4idab meie riigi eesm\u00e4rgi,\u201c \u00fctles ta.<\/p>\n<p>Sandu nentis, et viimastel aastatel pole peaministri ametikohale kandidaatide leidmine olnud lihtne. \u201eMa ei tea, kui kaua see aega v\u00f5tab, aga meil tuleb ikkagi \u00fcsna kiiresti valitsus moodustada,\u201c lisas ta.<\/p>\n<p>Kuidas see lugu Sind end tundma pani? Saada <a href=\"https:\/\/www.delfi.ee\/artikkel\/120595064\/moldova-sandu-peaministri-tagasiastumisest-tal-olid-valitsuse-juhtimiseks-vabad-kaed\/kommentaarid\" class=\"article-body-bottom__comment article-body-bottom__comment--write button button--primary button--size-auto\" rel=\"nofollow noopener\" target=\"_blank\"> Kommenteeri <\/a><a href=\"https:\/\/www.delfi.ee\/artikkel\/120595064\/moldova-sandu-peaministri-tagasiastumisest-tal-olid-valitsuse-juhtimiseks-vabad-kaed\/kommentaarid\" class=\"article-body-bottom__comment article-body-bottom__comment--read button button--size-auto\" rel=\"nofollow noopener\" target=\"_blank\"> Loe kommentaare <\/a><\/p>\n","protected":false},"excerpt":{"rendered":"\u201eHetkel, mil m\u00f5istsin, et ei saa enam t\u00e4ita oma mandaati koosk\u00f5las oma p\u00f5him\u00f5tete ja veendumustega, otsustasin lahkuda,\u201c kirjutas&hellip;\n","protected":false},"author":2,"featured_media":220657,"comment_status":"","ping_status":"","sticky":false,"template":"","format":"standard","meta":{"footnotes":"","_share_on_mastodon":"0"},"categories":[80],"tags":[26,27,37,33,35,34,36,31,32,21,28,29,95,1951,1949,19,25,23,24,22,20,30,92,93,94],"class_list":["post-220656","post","type-post","status-publish","format-standard","has-post-thumbnail","category-maailm","tag-breaking-news","tag-breakingnews","tag-ee","tag-eesti","tag-eesti-keel","tag-estonia","tag-estonian","tag-featured-news","tag-featurednews","tag-headlines","tag-latest-news","tag-latestnews","tag-maailm","tag-maia-sandu","tag-moldova","tag-news","tag-populaarseimad-lood","tag-top-stories","tag-topstories","tag-uldised-uudised","tag-uudised","tag-viimased-uudised","tag-world","tag-world-news","tag-worldnews"],"share_on_mastodon":{"url":"https:\/\/pubeurope.com\/@ee\/116862281691621715","error":""},"_links":{"self":[{"href":"https:\/\/www.europesays.com\/ee\/wp-json\/wp\/v2\/posts\/220656","targetHints":{"allow":["GET"]}}],"collection":[{"href":"https:\/\/www.europesays.com\/ee\/wp-json\/wp\/v2\/posts"}],"about":[{"href":"https:\/\/www.europesays.com\/ee\/wp-json\/wp\/v2\/types\/post"}],"author":[{"embeddable":true,"href":"https:\/\/www.europesays.com\/ee\/wp-json\/wp\/v2\/users\/2"}],"replies":[{"embeddable":true,"href":"https:\/\/www.europesays.com\/ee\/wp-json\/wp\/v2\/comments?post=220656"}],"version-history":[{"count":0,"href":"https:\/\/www.europesays.com\/ee\/wp-json\/wp\/v2\/posts\/220656\/revisions"}],"wp:featuredmedia":[{"embeddable":true,"href":"https:\/\/www.europesays.com\/ee\/wp-json\/wp\/v2\/media\/220657"}],"wp:attachment":[{"href":"https:\/\/www.europesays.com\/ee\/wp-json\/wp\/v2\/media?parent=220656"}],"wp:term":[{"taxonomy":"category","embeddable":true,"href":"https:\/\/www.europesays.com\/ee\/wp-json\/wp\/v2\/categories?post=220656"},{"taxonomy":"post_tag","embeddable":true,"href":"https:\/\/www.europesays.com\/ee\/wp-json\/wp\/v2\/tags?post=220656"}],"curies":[{"name":"wp","href":"https:\/\/api.w.org\/{rel}","templated":true}]}}