{"id":220835,"date":"2026-07-05T00:27:13","date_gmt":"2026-07-05T00:27:13","guid":{"rendered":"https:\/\/www.europesays.com\/ee\/220835\/"},"modified":"2026-07-05T00:27:13","modified_gmt":"2026-07-05T00:27:13","slug":"juri-toomepuu-kaja-kallasele-tahetakse-nii-voimu-juurde-anda-kui-ara-votta-delfi","status":"publish","type":"post","link":"https:\/\/www.europesays.com\/ee\/220835\/","title":{"rendered":"J\u00fcri Toomepuu: Kaja Kallasele tahetakse nii v\u00f5imu juurde anda kui \u00e4ra v\u00f5tta &#8211; Delfi"},"content":{"rendered":"<ol>\n<li><a href=\"https:\/\/news.google.com\/rss\/articles\/CBMiugFBVV95cUxOYmlSaXg0SWJybW9Nd1JOQjFjenRhR3FFSXpNU25kOTgwazROVWItaF82emZHQmxQZnctaEF3M2hpNHhyNElVVTBJTjFFalo4ZWpHVEF4d1UwbHZFN0I2eTN1TTZaRzlyaFlQVVJDTmxwbDFNVXlHWFdqbWFmQnhiVmFoUVdDa3NoX2pRZm14OC1tQTZNWkstcE5ZbmZ3eVVkdXpBN1hkN0tCV1pTX1VfWFRiZnpNRTUxWEE?oc=5\" target=\"_blank\" rel=\"nofollow noopener\">J\u00fcri Toomepuu: Kaja Kallasele tahetakse nii v\u00f5imu juurde anda kui \u00e4ra v\u00f5tta<\/a>&nbsp;&nbsp;Delfi<\/li>\n<li><a href=\"https:\/\/news.google.com\/rss\/articles\/CBMiowFBVV95cUxNcmZkY0lnX2VET25vVE1EdFNNSWY0dUlLaHU3NmhkWDg4dGZ4anFESldCbjNhTnJiQ1JteDlldUdTa2tjS0ZpeTNQbDdRR3VmZFE4dGczSEd2TTVfQlBBaGhzbnpFVlk5N2lNbU1xMnVuY2Q1ODhMc25LOEV5WXpYSndSRm1DU2lmRHROR0sxZWlIWXFLRUZiX3FTRkUzRVo2V3k4?oc=5\" target=\"_blank\" rel=\"nofollow noopener\">Politico: EL-i v\u00e4listeenistust on selle loomisest saadik saatnud segadus<\/a>&nbsp;&nbsp;ERR<\/li>\n<li><a href=\"https:\/\/news.google.com\/rss\/articles\/CBMiigFBVV95cUxPUjVVYlBpUjFheG4wMjdodkc5bkxzZmpsNE0weE9SUnY1SnJPN3dHc3JpMEJBV0RyYjZKRUtvcmFiWm1PQ0daSjczMUNPVlQ2ZEZVakdsRVE0Tk5vYnZHckpyRmlzRGNyb3VJUS1neXdxM1dZZUdkdzdoWkh6MTV0RzB3WWFMSFhFLUE?oc=5\" target=\"_blank\" rel=\"nofollow noopener\">Owen Matthews: Euroopa hakkab m\u00f5istma Kaja Kallase absurdsust<\/a>&nbsp;&nbsp;Objektiiv<\/li>\n<li><a href=\"https:\/\/news.google.com\/rss\/articles\/CBMiqAFBVV95cUxQcUlpV2J6NDFNVGRia1dCck1CUm1SbnQ1Mld1eV9ROS1wdkpuY2JIZlVFN2lWazN2VTJ6Q2dxT2F3TFpzakpwZVhYek1Cd0NSMWpkMUdtMXVoUDNCYmc0b2NGQ3BRbDZXajNPVGtiV0MtUXlxSGo3RG9Jd0JMMDhRU3pRWkhsazBvYmk2clZGdi1vR2RKZ0hncXJjbTJSQVZ3bURIWDdGQ3o?oc=5\" target=\"_blank\" rel=\"nofollow noopener\">Politico: Pariis toetab Kallase rolli tugevdamist, Berliin eelistab k\u00e4rpimist<\/a>&nbsp;&nbsp;ERR<\/li>\n<li><a href=\"https:\/\/news.google.com\/rss\/articles\/CBMipgFBVV95cUxNMkQ1Yi1MM1h6LUIzRElKR2hiRFFaRTViUnhGWFdyZGJMelBXRzd6clp5RmM0VTZXTTNBZGJJTzRqOWoyMTcwRmg2TW85WXU5ZU1Qd0RsMlFiWHh1OXhqamhtUS10ZlVoSW1XMC1JbHlzcm9xaC1SWEpEWjlaRzhweG9LV3hqOEQ0UGNBTUhTS0VJMDlOc0dkUGpnRWZ6aERuV01oZ05R?oc=5\" target=\"_blank\" rel=\"nofollow noopener\">Meedia: Kallas on oma teravate s\u00f5nav\u00f5ttude t\u00f5ttu j\u00e4\u00e4nud Br\u00fcsselis isolatsiooni<\/a>&nbsp;&nbsp;L\u00f5unaeestlane<\/li>\n<\/ol>\n","protected":false},"excerpt":{"rendered":"J\u00fcri Toomepuu: Kaja Kallasele tahetakse nii v\u00f5imu juurde anda kui \u00e4ra v\u00f5tta&nbsp;&nbsp;Delfi Politico: EL-i v\u00e4listeenistust on selle loomisest&hellip;\n","protected":false},"author":2,"featured_media":220836,"comment_status":"","ping_status":"","sticky":false,"template":"","format":"standard","meta":{"footnotes":"","_share_on_mastodon":"0"},"categories":[80],"tags":[26,27,37,33,35,34,36,31,32,21,28236,2406,1639,28,29,95,19,25,52,51,23,24,22,3943,20,30,92,93,94],"class_list":["post-220835","post","type-post","status-publish","format-standard","has-post-thumbnail","category-maailm","tag-breaking-news","tag-breakingnews","tag-ee","tag-eesti","tag-eesti-keel","tag-estonia","tag-estonian","tag-featured-news","tag-featurednews","tag-headlines","tag-josep-borrell","tag-juri-toomepuu","tag-kaja-kallas","tag-latest-news","tag-latestnews","tag-maailm","tag-news","tag-populaarseimad-lood","tag-prantsusmaa","tag-saksamaa","tag-top-stories","tag-topstories","tag-uldised-uudised","tag-ursula-von-der-leyen","tag-uudised","tag-viimased-uudised","tag-world","tag-world-news","tag-worldnews"],"share_on_mastodon":{"url":"https:\/\/pubeurope.com\/@ee\/116864538595135714","error":""},"_links":{"self":[{"href":"https:\/\/www.europesays.com\/ee\/wp-json\/wp\/v2\/posts\/220835","targetHints":{"allow":["GET"]}}],"collection":[{"href":"https:\/\/www.europesays.com\/ee\/wp-json\/wp\/v2\/posts"}],"about":[{"href":"https:\/\/www.europesays.com\/ee\/wp-json\/wp\/v2\/types\/post"}],"author":[{"embeddable":true,"href":"https:\/\/www.europesays.com\/ee\/wp-json\/wp\/v2\/users\/2"}],"replies":[{"embeddable":true,"href":"https:\/\/www.europesays.com\/ee\/wp-json\/wp\/v2\/comments?post=220835"}],"version-history":[{"count":0,"href":"https:\/\/www.europesays.com\/ee\/wp-json\/wp\/v2\/posts\/220835\/revisions"}],"wp:featuredmedia":[{"embeddable":true,"href":"https:\/\/www.europesays.com\/ee\/wp-json\/wp\/v2\/media\/220836"}],"wp:attachment":[{"href":"https:\/\/www.europesays.com\/ee\/wp-json\/wp\/v2\/media?parent=220835"}],"wp:term":[{"taxonomy":"category","embeddable":true,"href":"https:\/\/www.europesays.com\/ee\/wp-json\/wp\/v2\/categories?post=220835"},{"taxonomy":"post_tag","embeddable":true,"href":"https:\/\/www.europesays.com\/ee\/wp-json\/wp\/v2\/tags?post=220835"}],"curies":[{"name":"wp","href":"https:\/\/api.w.org\/{rel}","templated":true}]}}