{"id":220875,"date":"2026-07-05T04:30:39","date_gmt":"2026-07-05T04:30:39","guid":{"rendered":"https:\/\/www.europesays.com\/ee\/220875\/"},"modified":"2026-07-05T04:30:39","modified_gmt":"2026-07-05T04:30:39","slug":"kunagi-julmalt-tanavale-huljatud-koeral-avaldus-eriline-anne-nuudseks-on-ta-paastnud-kumnete-inimeste-elu","status":"publish","type":"post","link":"https:\/\/www.europesays.com\/ee\/220875\/","title":{"rendered":"Kunagi julmalt t\u00e4navale h\u00fcljatud koeral avaldus eriline anne: n\u00fc\u00fcdseks on ta p\u00e4\u00e4stnud k\u00fcmnete inimeste elu"},"content":{"rendered":"<p>Venezuelas on \u00fcheks lootuse s\u00fcmboliks saanud borderkolli nimega Tsunami \u2013 p\u00e4\u00e4stekoer, kes otsib maav\u00e4rinate j\u00e4rel rusude alt elusana p\u00e4\u00e4setavaid inimesi. Veel m\u00f5ned aastad tagasi vajas ta ise p\u00e4\u00e4stmist, olles h\u00fcljatud ja v\u00e4\u00e4rkoheldud.<\/p>\n<p>24. juunil tabasid Venezuela p\u00f5hjaosa kaks rasket maav\u00e4rinat magnituudiga 7,2 ja 7,5, mis toimusid vaevu poole minuti jooksul. Hukkus \u00fcle 1700 inimese, siiani on kadunuid k\u00fcmneid tuhandeid.<\/p>\n","protected":false},"excerpt":{"rendered":"Venezuelas on \u00fcheks lootuse s\u00fcmboliks saanud borderkolli nimega Tsunami \u2013 p\u00e4\u00e4stekoer, kes otsib maav\u00e4rinate j\u00e4rel rusude alt elusana&hellip;\n","protected":false},"author":2,"featured_media":220876,"comment_status":"","ping_status":"","sticky":false,"template":"","format":"standard","meta":{"footnotes":"","_share_on_mastodon":"0"},"categories":[80],"tags":[26,27,37,33,35,34,36,31,32,21,2856,2853,2855,549,28,29,1978,1089,285,2854,2858,95,2835,19,25,23,24,2857,22,20,570,30,92,93,94],"class_list":["post-220875","post","type-post","status-publish","format-standard","has-post-thumbnail","category-maailm","tag-breaking-news","tag-breakingnews","tag-ee","tag-eesti","tag-eesti-keel","tag-estonia","tag-estonian","tag-featured-news","tag-featurednews","tag-headlines","tag-hooldamine","tag-kass","tag-koduloom","tag-koer","tag-latest-news","tag-latestnews","tag-lemmik","tag-lind","tag-loodus","tag-loom","tag-loomaaed","tag-maailm","tag-metsloom","tag-news","tag-populaarseimad-lood","tag-top-stories","tag-topstories","tag-toug","tag-uldised-uudised","tag-uudised","tag-vaktsineerimine","tag-viimased-uudised","tag-world","tag-world-news","tag-worldnews"],"share_on_mastodon":{"url":"https:\/\/pubeurope.com\/@ee\/116865494423291949","error":""},"_links":{"self":[{"href":"https:\/\/www.europesays.com\/ee\/wp-json\/wp\/v2\/posts\/220875","targetHints":{"allow":["GET"]}}],"collection":[{"href":"https:\/\/www.europesays.com\/ee\/wp-json\/wp\/v2\/posts"}],"about":[{"href":"https:\/\/www.europesays.com\/ee\/wp-json\/wp\/v2\/types\/post"}],"author":[{"embeddable":true,"href":"https:\/\/www.europesays.com\/ee\/wp-json\/wp\/v2\/users\/2"}],"replies":[{"embeddable":true,"href":"https:\/\/www.europesays.com\/ee\/wp-json\/wp\/v2\/comments?post=220875"}],"version-history":[{"count":0,"href":"https:\/\/www.europesays.com\/ee\/wp-json\/wp\/v2\/posts\/220875\/revisions"}],"wp:featuredmedia":[{"embeddable":true,"href":"https:\/\/www.europesays.com\/ee\/wp-json\/wp\/v2\/media\/220876"}],"wp:attachment":[{"href":"https:\/\/www.europesays.com\/ee\/wp-json\/wp\/v2\/media?parent=220875"}],"wp:term":[{"taxonomy":"category","embeddable":true,"href":"https:\/\/www.europesays.com\/ee\/wp-json\/wp\/v2\/categories?post=220875"},{"taxonomy":"post_tag","embeddable":true,"href":"https:\/\/www.europesays.com\/ee\/wp-json\/wp\/v2\/tags?post=220875"}],"curies":[{"name":"wp","href":"https:\/\/api.w.org\/{rel}","templated":true}]}}