{"id":220913,"date":"2026-07-05T05:59:10","date_gmt":"2026-07-05T05:59:10","guid":{"rendered":"https:\/\/www.europesays.com\/ee\/220913\/"},"modified":"2026-07-05T05:59:10","modified_gmt":"2026-07-05T05:59:10","slug":"peeter-espak-%e2%9f%a9-riho-uhtegi-on-mees-kes-julgeb-oelda-tott","status":"publish","type":"post","link":"https:\/\/www.europesays.com\/ee\/220913\/","title":{"rendered":"PEETER ESPAK \u27e9 Riho \u00dchtegi on mees, kes julgeb \u00f6elda t\u00f5tt"},"content":{"rendered":"<p class=\"MsoNormal\">Pole kohanud Eesti kaitsev\u00e4elast v\u00f5i riigikaitsjat k\u00f5ige lihtsamast kaitseliitlasest kuni k\u00f5rgeimate kindraliteni v\u00e4lja, kellel poleks t\u00e4ielikku respekti \u00dchtegi suhtes eriala professionaalina. Samasugune respekt k\u00f5lab l\u00e4bi inimeste suhtumisest, kes \u00dchtegit isiklikult tunnevad. P\u00f5him\u00f5tteliselt ja loomu poolest umbusklike eestlaste seas on selline \u00fcksmeel \u00fche mehe v\u00e4\u00e4rtuse suhtes selgelt eristuv ja ka erakordne.<\/p>\n","protected":false},"excerpt":{"rendered":"Pole kohanud Eesti kaitsev\u00e4elast v\u00f5i riigikaitsjat k\u00f5ige lihtsamast kaitseliitlasest kuni k\u00f5rgeimate kindraliteni v\u00e4lja, kellel poleks t\u00e4ielikku respekti \u00dchtegi&hellip;\n","protected":false},"author":2,"featured_media":220914,"comment_status":"","ping_status":"","sticky":false,"template":"","format":"standard","meta":{"footnotes":"","_share_on_mastodon":"0"},"categories":[12],"tags":[7344,26,27,37,33,35,38468,34,36,31,32,21,8168,90200,28,29,90199,19,5097,90202,25,18841,90201,57253,4624,36107,863,23,24,22,3457,20,30,12117],"class_list":["post-220913","post","type-post","status-publish","format-standard","has-post-thumbnail","category-eesti","tag-avalik-arvamus","tag-breaking-news","tag-breakingnews","tag-ee","tag-eesti","tag-eesti-keel","tag-eesti-vabariigi-president","tag-estonia","tag-estonian","tag-featured-news","tag-featurednews","tag-headlines","tag-kaitseliit","tag-konservatiivsus","tag-latest-news","tag-latestnews","tag-mikk-parnits","tag-news","tag-peeter-espak","tag-poliitiline-polariseerumine-eestis","tag-populaarseimad-lood","tag-presidendivalimised","tag-radikaalne-progressivism","tag-riho-uhtegi","tag-riigikaitse","tag-roosiaia-vastuvott","tag-sveta-grigorjeva","tag-top-stories","tag-topstories","tag-uldised-uudised","tag-ulle-madise","tag-uudised","tag-viimased-uudised","tag-vilja-kiisler"],"share_on_mastodon":{"url":"","error":"Validation failed: Text character limit of 500 exceeded"},"_links":{"self":[{"href":"https:\/\/www.europesays.com\/ee\/wp-json\/wp\/v2\/posts\/220913","targetHints":{"allow":["GET"]}}],"collection":[{"href":"https:\/\/www.europesays.com\/ee\/wp-json\/wp\/v2\/posts"}],"about":[{"href":"https:\/\/www.europesays.com\/ee\/wp-json\/wp\/v2\/types\/post"}],"author":[{"embeddable":true,"href":"https:\/\/www.europesays.com\/ee\/wp-json\/wp\/v2\/users\/2"}],"replies":[{"embeddable":true,"href":"https:\/\/www.europesays.com\/ee\/wp-json\/wp\/v2\/comments?post=220913"}],"version-history":[{"count":0,"href":"https:\/\/www.europesays.com\/ee\/wp-json\/wp\/v2\/posts\/220913\/revisions"}],"wp:featuredmedia":[{"embeddable":true,"href":"https:\/\/www.europesays.com\/ee\/wp-json\/wp\/v2\/media\/220914"}],"wp:attachment":[{"href":"https:\/\/www.europesays.com\/ee\/wp-json\/wp\/v2\/media?parent=220913"}],"wp:term":[{"taxonomy":"category","embeddable":true,"href":"https:\/\/www.europesays.com\/ee\/wp-json\/wp\/v2\/categories?post=220913"},{"taxonomy":"post_tag","embeddable":true,"href":"https:\/\/www.europesays.com\/ee\/wp-json\/wp\/v2\/tags?post=220913"}],"curies":[{"name":"wp","href":"https:\/\/api.w.org\/{rel}","templated":true}]}}