{"id":221059,"date":"2026-07-05T10:24:13","date_gmt":"2026-07-05T10:24:13","guid":{"rendered":"https:\/\/www.europesays.com\/ee\/221059\/"},"modified":"2026-07-05T10:24:13","modified_gmt":"2026-07-05T10:24:13","slug":"piilu-sisse-kertu-moppel-otsib-oma-tallinna-korterisse-uurilist","status":"publish","type":"post","link":"https:\/\/www.europesays.com\/ee\/221059\/","title":{"rendered":"Piilu sisse! Kertu Moppel otsib oma Tallinna korterisse \u00fc\u00fcrilist"},"content":{"rendered":"<p>4. juunil jagas lavastaja ja n\u00e4itleja Kertu Moppel (40) Facebookis, et otsib oma korterisse \u00fc\u00fcrnikku. \u201eMinu armas Tulbi t\u00e4nava korter j\u00e4lle vabaneb,\u201c kirjutas ta. Tegemist on kahetoalise, 30-ruutmeetrise korteriga Tallinna kesklinna ja Kristiine piiril. <\/p>\n<p>Moppel m\u00e4rkis, et korteri kommunaalkulud on madalad. \u201eAhi- ja elektrik\u00fcte. Neid kahte kombineerides on t\u00e4itsa soe ja ei pea lolliks maksma.\u201c <\/p>\n<p>Esimesel korrusel asuvas korteris on du\u0161\u0161, v\u00e4ike aiake ning see antakse \u00fc\u00fcrile osaliselt m\u00f6bleerituna. Hiljuti renoveeritud korterisse saabub varsti ka uus k\u00f6\u00f6gim\u00f6\u00f6bel ning Moppel lubab, et ei v\u00f5ta maakleritasu. <\/p>\n<p>\u201eVaikne rahulik pesa vaiksel t\u00e4naval,\u201c kirjeldas ta korterit. <\/p>\n<p>Kuidas see lugu Sind end tundma pani? Saada <a href=\"https:\/\/kroonika.delfi.ee\/artikkel\/120595121\/piilu-sisse-kertu-moppel-otsib-oma-tallinna-korterisse-uurilist\/kommentaarid\" class=\"article-body-bottom__comment article-body-bottom__comment--write button button--primary button--size-auto\" rel=\"nofollow noopener\" target=\"_blank\"> Kommenteeri <\/a><a href=\"https:\/\/kroonika.delfi.ee\/artikkel\/120595121\/piilu-sisse-kertu-moppel-otsib-oma-tallinna-korterisse-uurilist\/kommentaarid\" class=\"article-body-bottom__comment article-body-bottom__comment--read button button--size-auto\" rel=\"nofollow noopener\" target=\"_blank\"> Loe kommentaare (1)<\/a><\/p>\n","protected":false},"excerpt":{"rendered":"4. juunil jagas lavastaja ja n\u00e4itleja Kertu Moppel (40) Facebookis, et otsib oma korterisse \u00fc\u00fcrnikku. \u201eMinu armas Tulbi&hellip;\n","protected":false},"author":2,"featured_media":221060,"comment_status":"","ping_status":"","sticky":false,"template":"","format":"standard","meta":{"footnotes":"","_share_on_mastodon":"0"},"categories":[12],"tags":[26,27,37,33,35,34,36,31,32,21,41028,28,29,19,25,23,24,22,20,30],"class_list":["post-221059","post","type-post","status-publish","format-standard","has-post-thumbnail","category-eesti","tag-breaking-news","tag-breakingnews","tag-ee","tag-eesti","tag-eesti-keel","tag-estonia","tag-estonian","tag-featured-news","tag-featurednews","tag-headlines","tag-kertu-moppel","tag-latest-news","tag-latestnews","tag-news","tag-populaarseimad-lood","tag-top-stories","tag-topstories","tag-uldised-uudised","tag-uudised","tag-viimased-uudised"],"share_on_mastodon":{"url":"https:\/\/pubeurope.com\/@ee\/116866886276097188","error":""},"_links":{"self":[{"href":"https:\/\/www.europesays.com\/ee\/wp-json\/wp\/v2\/posts\/221059","targetHints":{"allow":["GET"]}}],"collection":[{"href":"https:\/\/www.europesays.com\/ee\/wp-json\/wp\/v2\/posts"}],"about":[{"href":"https:\/\/www.europesays.com\/ee\/wp-json\/wp\/v2\/types\/post"}],"author":[{"embeddable":true,"href":"https:\/\/www.europesays.com\/ee\/wp-json\/wp\/v2\/users\/2"}],"replies":[{"embeddable":true,"href":"https:\/\/www.europesays.com\/ee\/wp-json\/wp\/v2\/comments?post=221059"}],"version-history":[{"count":0,"href":"https:\/\/www.europesays.com\/ee\/wp-json\/wp\/v2\/posts\/221059\/revisions"}],"wp:featuredmedia":[{"embeddable":true,"href":"https:\/\/www.europesays.com\/ee\/wp-json\/wp\/v2\/media\/221060"}],"wp:attachment":[{"href":"https:\/\/www.europesays.com\/ee\/wp-json\/wp\/v2\/media?parent=221059"}],"wp:term":[{"taxonomy":"category","embeddable":true,"href":"https:\/\/www.europesays.com\/ee\/wp-json\/wp\/v2\/categories?post=221059"},{"taxonomy":"post_tag","embeddable":true,"href":"https:\/\/www.europesays.com\/ee\/wp-json\/wp\/v2\/tags?post=221059"}],"curies":[{"name":"wp","href":"https:\/\/api.w.org\/{rel}","templated":true}]}}