{"id":221084,"date":"2026-07-05T10:58:14","date_gmt":"2026-07-05T10:58:14","guid":{"rendered":"https:\/\/www.europesays.com\/ee\/221084\/"},"modified":"2026-07-05T10:58:14","modified_gmt":"2026-07-05T10:58:14","slug":"wsj-%e2%9f%a9-trump-tahistas-usa-250-sunnipaeva-konega-mitte-keegi-ei-saa-olla-nagu-meie","status":"publish","type":"post","link":"https:\/\/www.europesays.com\/ee\/221084\/","title":{"rendered":"WSJ \u27e9 Trump t\u00e4histas USA 250. s\u00fcnnip\u00e4eva k\u00f5nega: \u00abMitte keegi ei saa olla nagu meie\u00bb"},"content":{"rendered":"<p>Ameerika \u00dchendriigid t\u00e4histasid laup\u00e4eval oma 250. iseseisvusp\u00e4eva pidustustega Washingtonis, kus rekordiline kuumus, \u00e4ikesetormid ja suurtes kogustes ilutulestikku saatsid president Donald Trumpi k\u00f5net. President r\u00f5hutas oma ligi 40-minutilises p\u00f6\u00f6rdumises Ameerika erakordsust, s\u00f5jalist tugevust ja patriotismi.<\/p>\n<p>\u00ab250 aastat on Ameerika \u00dchendriigid olnud lootus, lubadus, valgus ja hiilgus k\u00f5igi maailma rahvaste seas. Mitte keegi ei saa olla nagu meie,\u00bb \u00fctles Trump.<\/p>\n","protected":false},"excerpt":{"rendered":"Ameerika \u00dchendriigid t\u00e4histasid laup\u00e4eval oma 250. iseseisvusp\u00e4eva pidustustega Washingtonis, kus rekordiline kuumus, \u00e4ikesetormid ja suurtes kogustes ilutulestikku saatsid&hellip;\n","protected":false},"author":2,"featured_media":221085,"comment_status":"","ping_status":"","sticky":false,"template":"","format":"standard","meta":{"footnotes":"","_share_on_mastodon":"0"},"categories":[5],"tags":[587,26,27,37,33,35,34,36,31,32,21,28,29,19,25,23,24,463,22,89995,20,30],"class_list":["post-221084","post","type-post","status-publish","format-standard","has-post-thumbnail","category-uldised-uudised","tag-ameerika-uhendriigid","tag-breaking-news","tag-breakingnews","tag-ee","tag-eesti","tag-eesti-keel","tag-estonia","tag-estonian","tag-featured-news","tag-featurednews","tag-headlines","tag-latest-news","tag-latestnews","tag-news","tag-populaarseimad-lood","tag-top-stories","tag-topstories","tag-trump","tag-uldised-uudised","tag-usa250","tag-uudised","tag-viimased-uudised"],"share_on_mastodon":{"url":"https:\/\/pubeurope.com\/@ee\/116867019966499871","error":""},"_links":{"self":[{"href":"https:\/\/www.europesays.com\/ee\/wp-json\/wp\/v2\/posts\/221084","targetHints":{"allow":["GET"]}}],"collection":[{"href":"https:\/\/www.europesays.com\/ee\/wp-json\/wp\/v2\/posts"}],"about":[{"href":"https:\/\/www.europesays.com\/ee\/wp-json\/wp\/v2\/types\/post"}],"author":[{"embeddable":true,"href":"https:\/\/www.europesays.com\/ee\/wp-json\/wp\/v2\/users\/2"}],"replies":[{"embeddable":true,"href":"https:\/\/www.europesays.com\/ee\/wp-json\/wp\/v2\/comments?post=221084"}],"version-history":[{"count":0,"href":"https:\/\/www.europesays.com\/ee\/wp-json\/wp\/v2\/posts\/221084\/revisions"}],"wp:featuredmedia":[{"embeddable":true,"href":"https:\/\/www.europesays.com\/ee\/wp-json\/wp\/v2\/media\/221085"}],"wp:attachment":[{"href":"https:\/\/www.europesays.com\/ee\/wp-json\/wp\/v2\/media?parent=221084"}],"wp:term":[{"taxonomy":"category","embeddable":true,"href":"https:\/\/www.europesays.com\/ee\/wp-json\/wp\/v2\/categories?post=221084"},{"taxonomy":"post_tag","embeddable":true,"href":"https:\/\/www.europesays.com\/ee\/wp-json\/wp\/v2\/tags?post=221084"}],"curies":[{"name":"wp","href":"https:\/\/api.w.org\/{rel}","templated":true}]}}