{"id":221117,"date":"2026-07-05T12:23:11","date_gmt":"2026-07-05T12:23:11","guid":{"rendered":"https:\/\/www.europesays.com\/ee\/221117\/"},"modified":"2026-07-05T12:23:11","modified_gmt":"2026-07-05T12:23:11","slug":"eestlased-rootsi-ja-lati-korgliigas-tundsid-kaotusekibedust-soccernet-ee","status":"publish","type":"post","link":"https:\/\/www.europesays.com\/ee\/221117\/","title":{"rendered":"Eestlased Rootsi ja L\u00e4ti k\u00f5rgliigas tundsid kaotusekibedust &#8211; Soccernet.ee"},"content":{"rendered":"<p><img decoding=\"async\" src=\"https:\/\/www.europesays.com\/ee\/wp-content\/uploads\/2026\/07\/1783184553.jpg\" alt=\"Erko Jonne T\u00f5ugjas. Foto: Liisi Troska \/ jalgpall.ee\"\/>&#13;\n<\/p>\n<p>Nii Erko Jonne T\u00f5ugja leivaisa Halmstad kui ka Matvei Igoneni t\u00f6\u00f6andja Degerfors said Rootsi k\u00f5rgliiga 11. voorus koduv\u00e4ljakul kaotuse. T\u00f5ugjas ja Igonen tegid m\u00f5lemad tavap\u00e4raselt t\u00e4ism\u00e4ngu.<\/p>\n<p>Halmstad l\u00e4ks V\u00e4sterase vastu juba esimesel minutil juhtima, aga kaotas l\u00f5puks 1:3. Esimesel poolajal seisul 1:2 j\u00e4i Halmstad\u00a0Andre Bomani punase kaardi t\u00f5ttu v\u00e4hemusse. Degerfors kaotas Malm\u00f6le 0:1. Igoneni v\u00f5rku saatis ainsa palli Erik Botheim nurgal\u00f6\u00f6gi olukorras 52. minutil.&#13;\n<\/p>\n<p>Degerfors on kogunud 11 vooruga 10 punkti ja Halmstad ainult 6 punkti. Nad paiknevad 16 meeskonna seas vastavalt 13. ja 15. positsioonil.&#13;\n<\/p>\n<p>Vladimir Vassiljevi juhendatav Liepaja kaotas L\u00e4ti k\u00f5rgliigas tabelinaaber Daugavpilsile 1:3.\u00a0Mamadou Sylla k\u00fcbaratriki t\u00f5ttu kolmev\u00e4ravalisse kaotusseisu j\u00e4\u00e4nud Liepaja j\u00f5udis auv\u00e4ravani alles 90+1. minutil, kui t\u00e4pne oli\u00a0Djibril Gueye. Vassiljevi meeskond paikneb endiselt neljandal ja Daugavpils viiendal kohal, aga nende tiimide vahe v\u00e4henes n\u00fc\u00fcd \u00fchepunktiliseks.&#13;\n<\/p>\n<p>Mattias K\u00e4idi koduklubi Thun alistas 135-minutilises (3&#215;45 minutit) s\u00f5prusm\u00e4ngus\u00a0Neuchateli Xamaxi 6:1. K\u00e4it tegi kaasa esimese kolmandiku, mis l\u00f5ppes juba Thuni 5:1 eduseisuga.&#13;<\/p>\n","protected":false},"excerpt":{"rendered":"&#13; Nii Erko Jonne T\u00f5ugja leivaisa Halmstad kui ka Matvei Igoneni t\u00f6\u00f6andja Degerfors said Rootsi k\u00f5rgliiga 11. voorus&hellip;\n","protected":false},"author":2,"featured_media":221118,"comment_status":"","ping_status":"","sticky":false,"template":"","format":"standard","meta":{"footnotes":"","_share_on_mastodon":"0"},"categories":[18],"tags":[41289,5137,37,33,35,3474,34,36,53699,5139,6576,7947,14534,5651,1633,90261,159,158,8582,3483,90262,12485,90263],"class_list":["post-221117","post","type-post","status-publish","format-standard","has-post-thumbnail","category-sport","tag-daugavpils","tag-degerfors","tag-ee","tag-eesti","tag-eesti-keel","tag-erko-jonne-tougjas","tag-estonia","tag-estonian","tag-halmstad","tag-igonen","tag-kait","tag-liepaja","tag-malmo","tag-mattias-kait","tag-matvei-igonen","tag-neuchateli-xamax","tag-sport","tag-sports","tag-thun","tag-tougjas","tag-vasteras","tag-vladimir-vassiljev","tag-xamax"],"share_on_mastodon":{"url":"https:\/\/pubeurope.com\/@ee\/116867354503446214","error":""},"_links":{"self":[{"href":"https:\/\/www.europesays.com\/ee\/wp-json\/wp\/v2\/posts\/221117","targetHints":{"allow":["GET"]}}],"collection":[{"href":"https:\/\/www.europesays.com\/ee\/wp-json\/wp\/v2\/posts"}],"about":[{"href":"https:\/\/www.europesays.com\/ee\/wp-json\/wp\/v2\/types\/post"}],"author":[{"embeddable":true,"href":"https:\/\/www.europesays.com\/ee\/wp-json\/wp\/v2\/users\/2"}],"replies":[{"embeddable":true,"href":"https:\/\/www.europesays.com\/ee\/wp-json\/wp\/v2\/comments?post=221117"}],"version-history":[{"count":0,"href":"https:\/\/www.europesays.com\/ee\/wp-json\/wp\/v2\/posts\/221117\/revisions"}],"wp:featuredmedia":[{"embeddable":true,"href":"https:\/\/www.europesays.com\/ee\/wp-json\/wp\/v2\/media\/221118"}],"wp:attachment":[{"href":"https:\/\/www.europesays.com\/ee\/wp-json\/wp\/v2\/media?parent=221117"}],"wp:term":[{"taxonomy":"category","embeddable":true,"href":"https:\/\/www.europesays.com\/ee\/wp-json\/wp\/v2\/categories?post=221117"},{"taxonomy":"post_tag","embeddable":true,"href":"https:\/\/www.europesays.com\/ee\/wp-json\/wp\/v2\/tags?post=221117"}],"curies":[{"name":"wp","href":"https:\/\/api.w.org\/{rel}","templated":true}]}}