{"id":221179,"date":"2026-07-05T14:25:08","date_gmt":"2026-07-05T14:25:08","guid":{"rendered":"https:\/\/www.europesays.com\/ee\/221179\/"},"modified":"2026-07-05T14:25:08","modified_gmt":"2026-07-05T14:25:08","slug":"video-nautis-sajaga-angela-aak-astus-ule-pika-aja-taas-lavale","status":"publish","type":"post","link":"https:\/\/www.europesays.com\/ee\/221179\/","title":{"rendered":"VIDEO | Nautis sajaga! Angela Aak astus \u00fcle pika aja taas lavale"},"content":{"rendered":"<p>Lauljatar Mari-Leen astus eile \u00f5htul \u00fcles \u00d5llesummeril. Suureks \u00fcllatuseks saatis naist kitarril Angela Aak, keda pole ammu n\u00e4htud. Nende esinemisest postitati Facebooki video. Isegi kommentaariumis on v\u00e4lja toodud kitarristi ootamatu lavale tulek. <\/p>\n<p>Aasta algul selgus, et Angela naaseb taas lavale, kuid hoopis koos b\u00e4ndi Van Gogh koosesius. B\u00e4ndi laulja Martti-Janek L\u00f5nsu kinnitab, et juba s\u00fcgisel ilmub uus plaat ning valmistutakse kontserditeks. \u201eViimastel aegadel oleme kirjutanud kuus lugu, mis on singlitena ilmunud. Kontserte ei ole me aga andnud alates 2009. aastast,\u201c \u00fctles Martti Kroonikale. <\/p>\n<p>Varem on Angela m\u00e4nginud ansamblites Blacky, Vanem\u00f5de, Henhouse, T-Klaas, Gunnar Grapsi Grupp, Long Loff ning Aak &amp; Oja. 2019. aastal kirjutas Kroonika, et Angela on m\u00f5ista andnud, et pole enam avaliku elu tegelane ja meediale enda elust rohkem ei r\u00e4\u00e4gi. Oma kuulsuse tipul r\u00e4\u00e4kis Angela oma eraelust ja raskustest meeleldi ning isegi poseeris heategevusliku kampaania raames alasti.<\/p>\n<p>Veel paarik\u00fcmne aasta eest kandis Angela hoopis nime Andres. Muusik r\u00e4\u00e4kis 2006. aasta l\u00f5pus \u00d5htulehele viis tundi kestnud soovahetusoperatsioonist, mille k\u00e4igus sai temast naine. Nagu ta \u00fctles, oli selline soov teda selleks ajaks unistusena saatnud juba paark\u00fcmmend aastat. <\/p>\n<p>Kuidas see lugu Sind end tundma pani? Saada <a href=\"https:\/\/kroonika.delfi.ee\/artikkel\/120595156\/video-nautis-sajaga-angela-aak-astus-ule-pika-aja-lavale\/kommentaarid\" class=\"article-body-bottom__comment article-body-bottom__comment--write button button--primary button--size-auto\" rel=\"nofollow noopener\" target=\"_blank\"> Kommenteeri <\/a><a href=\"https:\/\/kroonika.delfi.ee\/artikkel\/120595156\/video-nautis-sajaga-angela-aak-astus-ule-pika-aja-lavale\/kommentaarid\" class=\"article-body-bottom__comment article-body-bottom__comment--read button button--size-auto\" rel=\"nofollow noopener\" target=\"_blank\"> Loe kommentaare (8)<\/a><\/p>\n","protected":false},"excerpt":{"rendered":"Lauljatar Mari-Leen astus eile \u00f5htul \u00fcles \u00d5llesummeril. Suureks \u00fcllatuseks saatis naist kitarril Angela Aak, keda pole ammu n\u00e4htud.&hellip;\n","protected":false},"author":2,"featured_media":221180,"comment_status":"","ping_status":"","sticky":false,"template":"","format":"standard","meta":{"footnotes":"","_share_on_mastodon":"0"},"categories":[16],"tags":[44263,37,33,35,173,34,36,140,3874],"class_list":["post-221179","post","type-post","status-publish","format-standard","has-post-thumbnail","category-meelelahutus","tag-angela-aak","tag-ee","tag-eesti","tag-eesti-keel","tag-entertainment","tag-estonia","tag-estonian","tag-meelelahutus","tag-ollesummer"],"share_on_mastodon":{"url":"https:\/\/pubeurope.com\/@ee\/116867834015998318","error":""},"_links":{"self":[{"href":"https:\/\/www.europesays.com\/ee\/wp-json\/wp\/v2\/posts\/221179","targetHints":{"allow":["GET"]}}],"collection":[{"href":"https:\/\/www.europesays.com\/ee\/wp-json\/wp\/v2\/posts"}],"about":[{"href":"https:\/\/www.europesays.com\/ee\/wp-json\/wp\/v2\/types\/post"}],"author":[{"embeddable":true,"href":"https:\/\/www.europesays.com\/ee\/wp-json\/wp\/v2\/users\/2"}],"replies":[{"embeddable":true,"href":"https:\/\/www.europesays.com\/ee\/wp-json\/wp\/v2\/comments?post=221179"}],"version-history":[{"count":0,"href":"https:\/\/www.europesays.com\/ee\/wp-json\/wp\/v2\/posts\/221179\/revisions"}],"wp:featuredmedia":[{"embeddable":true,"href":"https:\/\/www.europesays.com\/ee\/wp-json\/wp\/v2\/media\/221180"}],"wp:attachment":[{"href":"https:\/\/www.europesays.com\/ee\/wp-json\/wp\/v2\/media?parent=221179"}],"wp:term":[{"taxonomy":"category","embeddable":true,"href":"https:\/\/www.europesays.com\/ee\/wp-json\/wp\/v2\/categories?post=221179"},{"taxonomy":"post_tag","embeddable":true,"href":"https:\/\/www.europesays.com\/ee\/wp-json\/wp\/v2\/tags?post=221179"}],"curies":[{"name":"wp","href":"https:\/\/api.w.org\/{rel}","templated":true}]}}