{"id":221288,"date":"2026-07-05T17:47:13","date_gmt":"2026-07-05T17:47:13","guid":{"rendered":"https:\/\/www.europesays.com\/ee\/221288\/"},"modified":"2026-07-05T17:47:13","modified_gmt":"2026-07-05T17:47:13","slug":"djokovic-purustas-federeri-rekordi-ja-joudis-wimbledonis-veerandfinaali","status":"publish","type":"post","link":"https:\/\/www.europesays.com\/ee\/221288\/","title":{"rendered":"Djokovic purustas Federeri rekordi ja j\u00f5udis Wimbledonis veerandfinaali"},"content":{"rendered":"<p>Djokovic, kes on Wimbledoni sl\u00e4mmiturniiri v\u00f5itnud karj\u00e4\u00e4ris seitsmel korral, alistas kaheksandikfinaalis maailma 132. reketi Roman Safiullini neljas setis 7:6 (6), 6:3, 3:6, 6:3. Kohtumine kestis kolm tundi ja 27 minutit.<\/p>\n<p>Djokovic servis m\u00e4ngu jooksul 10 \u00e4ssa ja tegi kolm topeltviga, Safiullini samad n\u00e4itajad olid kaheksa ja kolm. Serblase esimene palling \u00f5nnestus 71%-liselt, esimeselt servilt v\u00f5itis ta 71 ja teisel 59 protsenti punktidest. \u00c4rel\u00f6\u00f6gid j\u00e4id Safiullini kasuks 45:43, lihtvead olid tema poolt vaadatuna 34 vs. 37. Mat\u0161i \u00fcldpunktid j\u00e4id Djokovici kasuks 124:114.<\/p>\n<p>\u201eJ\u00e4rjekordne raske v\u00f5it,\u201c s\u00f5nas Djokovic m\u00e4nguj\u00e4rgses intervjuus. \u201eRoman alustas v\u00e4ga h\u00e4sti ja m\u00e4ngis v\u00e4ga agressiivselt. Ma ei tundnud end tagajoonel m\u00e4ngides eriti mugavalt. Teadsin, et temaga pallivahetustes p\u00fcsimine saab olema keeruline, kuna ta on seal v\u00e4ga kindel. Ta peaks oma t\u00e4nase esituse \u00fcle uhkust tundma.\u201c<\/p>\n<p>V\u00f5it Safiullini \u00fcle oli Djokovicile karj\u00e4\u00e4ri jooksul Wimbledonis 106. See t\u00f5stis ta m\u00f6\u00f6da legendaarsest <a rel=\"noopener nofollow\" target=\"_blank\" href=\"https:\/\/www.delfi.ee\/teema\/41888741\/roger-federer\" tag-id=\"41888741\">Roger Federerist<\/a>, kellega tal oli enne t\u00e4nast sama palju v\u00f5ite.<\/p>\n<p>Veerandfinaalis l\u00e4heb Djokovic kokku kas maailma neljanda reketi Felix Auger-Aliassime (ATP 4.) v\u00f5i hispaanlase Alejandro Davidovich Fokinaga (ATP 23.).<\/p>\n<p>Naiste turniiril on selgunud kaks veerandfinalisti. Ameeriklannade duellis alistas 32-aastane Jessica Pegula (WTA 4.) 4:6, 6:3, 6:1 vaid 18-aastase Iva Jovici (WTA 18.). Pegula vastane veerandfinaalis on kas Coco Gauff (WTA 7.) v\u00f5i Belinda Bencic (WTA 11.)<\/p>\n<p>Teises praeguseks l\u00f5ppenud kaheksandikfinaalis olid vastamisi T\u0161ehhi m\u00e4ngijad Karolina Muchova (WTA 9.) ja Barbora Krejcikova (WTA 38.), kus peale j\u00e4i esimene 7:5, 5:7, 6:3. Veerandfinaalis l\u00e4heb Muchova kokku kas maailma esireketi Arina Sabalenka v\u00f5i jaapanlanna Naomi Osakaga (WTA 14.)<\/p>\n<p>Kuidas see lugu Sind end tundma pani? Saada <a href=\"https:\/\/sport.delfi.ee\/artikkel\/120595185\/djokovic-purustas-federeri-rekordi-ja-joudis-wimbledonis-veerandfinaali\/kommentaarid\" class=\"article-body-bottom__comment article-body-bottom__comment--write button button--primary button--size-auto\" rel=\"nofollow noopener\" target=\"_blank\"> Kommenteeri <\/a><a href=\"https:\/\/sport.delfi.ee\/artikkel\/120595185\/djokovic-purustas-federeri-rekordi-ja-joudis-wimbledonis-veerandfinaali\/kommentaarid\" class=\"article-body-bottom__comment article-body-bottom__comment--read button button--size-auto\" rel=\"nofollow noopener\" target=\"_blank\"> Loe kommentaare (3)<\/a><\/p>\n","protected":false},"excerpt":{"rendered":"Djokovic, kes on Wimbledoni sl\u00e4mmiturniiri v\u00f5itnud karj\u00e4\u00e4ris seitsmel korral, alistas kaheksandikfinaalis maailma 132. reketi Roman Safiullini neljas setis&hellip;\n","protected":false},"author":2,"featured_media":221289,"comment_status":"","ping_status":"","sticky":false,"template":"","format":"standard","meta":{"footnotes":"","_share_on_mastodon":"0"},"categories":[18],"tags":[2429,37,33,35,34,36,2787,8355,159,158,2827,6777],"class_list":["post-221288","post","type-post","status-publish","format-standard","has-post-thumbnail","category-sport","tag-atp","tag-ee","tag-eesti","tag-eesti-keel","tag-estonia","tag-estonian","tag-novak-djokovic","tag-roger-federer","tag-sport","tag-sports","tag-tennis","tag-wimbledon"],"share_on_mastodon":{"url":"https:\/\/pubeurope.com\/@ee\/116868628137090799","error":""},"_links":{"self":[{"href":"https:\/\/www.europesays.com\/ee\/wp-json\/wp\/v2\/posts\/221288","targetHints":{"allow":["GET"]}}],"collection":[{"href":"https:\/\/www.europesays.com\/ee\/wp-json\/wp\/v2\/posts"}],"about":[{"href":"https:\/\/www.europesays.com\/ee\/wp-json\/wp\/v2\/types\/post"}],"author":[{"embeddable":true,"href":"https:\/\/www.europesays.com\/ee\/wp-json\/wp\/v2\/users\/2"}],"replies":[{"embeddable":true,"href":"https:\/\/www.europesays.com\/ee\/wp-json\/wp\/v2\/comments?post=221288"}],"version-history":[{"count":0,"href":"https:\/\/www.europesays.com\/ee\/wp-json\/wp\/v2\/posts\/221288\/revisions"}],"wp:featuredmedia":[{"embeddable":true,"href":"https:\/\/www.europesays.com\/ee\/wp-json\/wp\/v2\/media\/221289"}],"wp:attachment":[{"href":"https:\/\/www.europesays.com\/ee\/wp-json\/wp\/v2\/media?parent=221288"}],"wp:term":[{"taxonomy":"category","embeddable":true,"href":"https:\/\/www.europesays.com\/ee\/wp-json\/wp\/v2\/categories?post=221288"},{"taxonomy":"post_tag","embeddable":true,"href":"https:\/\/www.europesays.com\/ee\/wp-json\/wp\/v2\/tags?post=221288"}],"curies":[{"name":"wp","href":"https:\/\/api.w.org\/{rel}","templated":true}]}}