{"id":221321,"date":"2026-07-05T19:16:07","date_gmt":"2026-07-05T19:16:07","guid":{"rendered":"https:\/\/www.europesays.com\/ee\/221321\/"},"modified":"2026-07-05T19:16:07","modified_gmt":"2026-07-05T19:16:07","slug":"revansi-votnud-naomi-osaka-saatis-maailma-esinumbri-wimbledonis-reketeid-pakkima","status":"publish","type":"post","link":"https:\/\/www.europesays.com\/ee\/221321\/","title":{"rendered":"Revan\u0161i v\u00f5tnud Naomi Osaka saatis maailma esinumbri Wimbledonis reketeid pakkima"},"content":{"rendered":"<p>Osaka v\u00f5itis tund ja 29 minutit kestnud kohtumise kahes setis 6:2, 7:6 (2). <\/p>\n<p>Tegemist on Osaka karj\u00e4\u00e4ri teise v\u00f5iduga Sabalenka \u00fcle. Enne t\u00e4nast oli ta suutnud j\u00f5ulise m\u00e4nguga valgevenelanna alistada vaid 2018. aasta US Openil, mille ta v\u00f5itis. J\u00e4rgmised viis m\u00e4ngu l\u00f5ppesid Sabalenka paremusega, sealhulgas t\u00e4navuse French Openi kaheksandikfinaal, mille ta v\u00f5itis 7:5, 6:3.<\/p>\n<p>Osaka ei kaotanud m\u00e4ngu jooksul ainsatki enda pallingugeimi ning kasutas Sabalenka servil \u00e4ra neljast murdev\u00f5imalusest kaks. Mat\u0161i jooksul kogunes Osaka statistikasse kaheksa \u00e4ssa ja vaid \u00fcks topeltviga, Sabalenka l\u00f5i viis \u00e4ssa ja tegi samuti \u00fche topeltvea. \u00c4ral\u00f6\u00f6gid j\u00e4id Osaka kasuks 21:15, lihtvead olid jaapanlanna poolt vaadatuna 25 vs. 22. Mat\u0161i \u00fcldpunktid j\u00e4id Osaka kasuks 70:57.<\/p>\n<p>Osaka p\u00e4\u00e4ses Wimbledonis veerandfinaali alles karj\u00e4\u00e4ri jooksul esimest korda. Suurim edu on endist maailma esireketit saatnud Austraalia lahtistel ja US Openil, m\u00f5lema sl\u00e4mmiturniiri on ta v\u00f5itnud kahel korral.<\/p>\n<p>\u201eMul pole pikka aega v\u00e4ljakul nii l\u00f5bus olnud. See oli v\u00e4ga l\u00f5bus mat\u0161. Isegi kui ma oleksin kaotanud, oleks see olnud suurep\u00e4rane mat\u0161,\u201c r\u00e4\u00e4kis Osaka Sabalenka alistamise j\u00e4rel Wimbledoni peav\u00e4ljakul antud v\u00f5iduintervjuus. \u201eSee v\u00e4ljak on nii eriline. See on esimene mat\u0161, mille ma sellel v\u00e4ljakul v\u00f5itsin. Teha seda (v\u00f5ita maailma esireketit) siin t\u00e4hendab minu jaoks nii palju.\u201c<\/p>\n<p>Veerandfinaalis ootab Osakat ees j\u00e4rgmine k\u00f5va p\u00e4hkel, kuna tal tuleb vastamisi minna maailma 9. reketi, t\u0161ehhitari <a rel=\"noopener nofollow\" target=\"_blank\" href=\"https:\/\/www.delfi.ee\/teema\/96856334\/karolina-muchova\" tag-id=\"96856334\">Karolina Muchovaga<\/a>. Osaka ja Muchova omavaheliste m\u00e4ngude seis on enne teisip\u00e4evast veerandfinaali 4:3 jaapanlanna kasuks.<\/p>\n<p>Kuidas see lugu Sind end tundma pani? Saada <a href=\"https:\/\/sport.delfi.ee\/artikkel\/120595193\/revansi-votnud-naomi-osaka-saatis-maailma-esinumbri-wimbledonis-reketeid-pakkima\/kommentaarid\" class=\"article-body-bottom__comment article-body-bottom__comment--write button button--primary button--size-auto\" rel=\"nofollow noopener\" target=\"_blank\"> Kommenteeri <\/a><a href=\"https:\/\/sport.delfi.ee\/artikkel\/120595193\/revansi-votnud-naomi-osaka-saatis-maailma-esinumbri-wimbledonis-reketeid-pakkima\/kommentaarid\" class=\"article-body-bottom__comment article-body-bottom__comment--read button button--size-auto\" rel=\"nofollow noopener\" target=\"_blank\"> Loe kommentaare (3)<\/a><\/p>\n","protected":false},"excerpt":{"rendered":"Osaka v\u00f5itis tund ja 29 minutit kestnud kohtumise kahes setis 6:2, 7:6 (2). Tegemist on Osaka karj\u00e4\u00e4ri teise&hellip;\n","protected":false},"author":2,"featured_media":221322,"comment_status":"","ping_status":"","sticky":false,"template":"","format":"standard","meta":{"footnotes":"","_share_on_mastodon":"0"},"categories":[18],"tags":[10265,37,33,35,34,36,40374,38695,159,158,2827,6777,31212],"class_list":["post-221321","post","type-post","status-publish","format-standard","has-post-thumbnail","category-sport","tag-arina-sabalenka","tag-ee","tag-eesti","tag-eesti-keel","tag-estonia","tag-estonian","tag-karolina-muchova","tag-naomi-osaka","tag-sport","tag-sports","tag-tennis","tag-wimbledon","tag-wta"],"share_on_mastodon":{"url":"https:\/\/pubeurope.com\/@ee\/116868978163928512","error":""},"_links":{"self":[{"href":"https:\/\/www.europesays.com\/ee\/wp-json\/wp\/v2\/posts\/221321","targetHints":{"allow":["GET"]}}],"collection":[{"href":"https:\/\/www.europesays.com\/ee\/wp-json\/wp\/v2\/posts"}],"about":[{"href":"https:\/\/www.europesays.com\/ee\/wp-json\/wp\/v2\/types\/post"}],"author":[{"embeddable":true,"href":"https:\/\/www.europesays.com\/ee\/wp-json\/wp\/v2\/users\/2"}],"replies":[{"embeddable":true,"href":"https:\/\/www.europesays.com\/ee\/wp-json\/wp\/v2\/comments?post=221321"}],"version-history":[{"count":0,"href":"https:\/\/www.europesays.com\/ee\/wp-json\/wp\/v2\/posts\/221321\/revisions"}],"wp:featuredmedia":[{"embeddable":true,"href":"https:\/\/www.europesays.com\/ee\/wp-json\/wp\/v2\/media\/221322"}],"wp:attachment":[{"href":"https:\/\/www.europesays.com\/ee\/wp-json\/wp\/v2\/media?parent=221321"}],"wp:term":[{"taxonomy":"category","embeddable":true,"href":"https:\/\/www.europesays.com\/ee\/wp-json\/wp\/v2\/categories?post=221321"},{"taxonomy":"post_tag","embeddable":true,"href":"https:\/\/www.europesays.com\/ee\/wp-json\/wp\/v2\/tags?post=221321"}],"curies":[{"name":"wp","href":"https:\/\/api.w.org\/{rel}","templated":true}]}}