{"id":221362,"date":"2026-07-05T21:19:10","date_gmt":"2026-07-05T21:19:10","guid":{"rendered":"https:\/\/www.europesays.com\/ee\/221362\/"},"modified":"2026-07-05T21:19:10","modified_gmt":"2026-07-05T21:19:10","slug":"usa-ametnik-groonimaa-ulevotmine-on-praegu-ainus-lahendus","status":"publish","type":"post","link":"https:\/\/www.europesays.com\/ee\/221362\/","title":{"rendered":"USA ametnik: Gr\u00f6\u00f6nimaa \u00fclev\u00f5tmine on praegu ainus lahendus"},"content":{"rendered":"<p>\u201eOleme j\u00e4tkuvalt seisukohal, et see on parim viis <a rel=\"noopener nofollow\" target=\"_blank\" href=\"https:\/\/www.delfi.ee\/teema\/24581263\/nato\" tag-id=\"24581263\">NATO<\/a> kaitsevajaduste rahuldamiseks seoses Gr\u00f6\u00f6nimaaga,\u201c \u00fctles k\u00f5rgetasemeline valitsusametnik ajakirjanikele enne T\u00fcrgis peetavat NATO tippkohtumist, vahendab <a rel=\"noopener noreferrer nofollow\" target=\"_blank\" href=\"https:\/\/www.tagesspiegel.de\/internationales\/rege-marineaktivitaten-us-beamter-nennt-ubernahme-von-gronland-derzeit-einzige-losung-15803958.html\" data-rel-date-range=\"[]\">Tagesspiegel<\/a>. Ta lisas, et kaalutakse ka teisi v\u00f5imalusi, kuid ei t\u00e4psustanud, millised need v\u00f5iksid olla.<\/p>\n<p>Ametnik viitas piirkonnas toimuvale \u201eelavale merelisele tegevusele\u201c ja USA presidendi <a rel=\"noopener nofollow\" target=\"_blank\" href=\"https:\/\/www.delfi.ee\/teema\/32758637\/donald-trump\" tag-id=\"32758637\">Donald Trumpi<\/a> soovile leida p\u00fcsiv lahendus. <\/p>\n<p>\u201eSeni n\u00e4eme ainsa lahendusena Gr\u00f6\u00f6nimaa omandamist Ameerika \u00dchendriikide poolt,\u201c s\u00f5nas ta.<\/p>\n<p>President Trump \u00e4hvardas aasta alguses strateegiliselt t\u00e4htsa Arktika saare \u00fclev\u00f5tmisega, mis ei solvanud mitte ainult NATO partnerit Taanit, vaid tekitas ka kahtlusi s\u00f5jalise alliansi \u00fchtsuses ja vastastikuses lojaalsuses. Tema p\u00f5hjendus oli, et Taani territoorium ei oleks muidu kaitstud Venemaa ja Hiina eest ning seega poleks kaitstud ka USA.<\/p>\n<p>Kuidas see lugu Sind end tundma pani? Saada <a href=\"https:\/\/www.delfi.ee\/artikkel\/120595210\/usa-ametnik-groonimaa-ulevotmine-on-praegu-ainus-lahendus\/kommentaarid\" class=\"article-body-bottom__comment article-body-bottom__comment--write button button--primary button--size-auto\" rel=\"nofollow noopener\" target=\"_blank\"> Kommenteeri <\/a><a href=\"https:\/\/www.delfi.ee\/artikkel\/120595210\/usa-ametnik-groonimaa-ulevotmine-on-praegu-ainus-lahendus\/kommentaarid\" class=\"article-body-bottom__comment article-body-bottom__comment--read button button--size-auto\" rel=\"nofollow noopener\" target=\"_blank\"> Loe kommentaare (11)<\/a><\/p>\n","protected":false},"excerpt":{"rendered":"\u201eOleme j\u00e4tkuvalt seisukohal, et see on parim viis NATO kaitsevajaduste rahuldamiseks seoses Gr\u00f6\u00f6nimaaga,\u201c \u00fctles k\u00f5rgetasemeline valitsusametnik ajakirjanikele enne&hellip;\n","protected":false},"author":2,"featured_media":221363,"comment_status":"","ping_status":"","sticky":false,"template":"","format":"standard","meta":{"footnotes":"","_share_on_mastodon":"0"},"categories":[80],"tags":[587,26,27,324,37,33,35,34,36,31,32,2409,21,28,29,95,54,19,25,264,23,24,22,325,20,30,92,93,94],"class_list":["post-221362","post","type-post","status-publish","format-standard","has-post-thumbnail","category-maailm","tag-ameerika-uhendriigid","tag-breaking-news","tag-breakingnews","tag-donald-trump","tag-ee","tag-eesti","tag-eesti-keel","tag-estonia","tag-estonian","tag-featured-news","tag-featurednews","tag-groonimaa","tag-headlines","tag-latest-news","tag-latestnews","tag-maailm","tag-nato","tag-news","tag-populaarseimad-lood","tag-taani","tag-top-stories","tag-topstories","tag-uldised-uudised","tag-usa","tag-uudised","tag-viimased-uudised","tag-world","tag-world-news","tag-worldnews"],"share_on_mastodon":{"url":"https:\/\/pubeurope.com\/@ee\/116869461680974051","error":""},"_links":{"self":[{"href":"https:\/\/www.europesays.com\/ee\/wp-json\/wp\/v2\/posts\/221362","targetHints":{"allow":["GET"]}}],"collection":[{"href":"https:\/\/www.europesays.com\/ee\/wp-json\/wp\/v2\/posts"}],"about":[{"href":"https:\/\/www.europesays.com\/ee\/wp-json\/wp\/v2\/types\/post"}],"author":[{"embeddable":true,"href":"https:\/\/www.europesays.com\/ee\/wp-json\/wp\/v2\/users\/2"}],"replies":[{"embeddable":true,"href":"https:\/\/www.europesays.com\/ee\/wp-json\/wp\/v2\/comments?post=221362"}],"version-history":[{"count":0,"href":"https:\/\/www.europesays.com\/ee\/wp-json\/wp\/v2\/posts\/221362\/revisions"}],"wp:featuredmedia":[{"embeddable":true,"href":"https:\/\/www.europesays.com\/ee\/wp-json\/wp\/v2\/media\/221363"}],"wp:attachment":[{"href":"https:\/\/www.europesays.com\/ee\/wp-json\/wp\/v2\/media?parent=221362"}],"wp:term":[{"taxonomy":"category","embeddable":true,"href":"https:\/\/www.europesays.com\/ee\/wp-json\/wp\/v2\/categories?post=221362"},{"taxonomy":"post_tag","embeddable":true,"href":"https:\/\/www.europesays.com\/ee\/wp-json\/wp\/v2\/tags?post=221362"}],"curies":[{"name":"wp","href":"https:\/\/api.w.org\/{rel}","templated":true}]}}