{"id":221506,"date":"2026-07-06T04:40:08","date_gmt":"2026-07-06T04:40:08","guid":{"rendered":"https:\/\/www.europesays.com\/ee\/221506\/"},"modified":"2026-07-06T04:40:08","modified_gmt":"2026-07-06T04:40:08","slug":"ft-nato-vajab-euroopa-kaitseks-varuplaane","status":"publish","type":"post","link":"https:\/\/www.europesays.com\/ee\/221506\/","title":{"rendered":"FT: NATO vajab Euroopa kaitseks varuplaane"},"content":{"rendered":"<p>Kaasaegsel Euroopal on kaks tuuma ehk majanduslik ja poliitiline tuum on Euroopa Liit ning s\u00f5jalis-poliitiline tuum NATO, kirjutas Oxfordi \u00fclikooli Euroopa uuringute emeriitprofessor Timothy Garton Ash v\u00e4ljaandes Financial Times ilmunud artiklis.<\/p>\n<p>Ukrainlaste uudisteagentuuri Uniani andmetel m\u00e4rkis Ash artiklis, et m\u00f5lemad organisatsioonid asuvad Br\u00fcsselis, kuid aastak\u00fcmneid pole need omavahel praktiliselt suhelnud.<\/p>\n","protected":false},"excerpt":{"rendered":"Kaasaegsel Euroopal on kaks tuuma ehk majanduslik ja poliitiline tuum on Euroopa Liit ning s\u00f5jalis-poliitiline tuum NATO, kirjutas&hellip;\n","protected":false},"author":2,"featured_media":221507,"comment_status":"","ping_status":"","sticky":false,"template":"","format":"standard","meta":{"footnotes":"","_share_on_mastodon":"0"},"categories":[80],"tags":[26,27,117,324,37,33,35,34,36,112,14498,590,31,32,21,28,29,95,54,90341,19,111,25,52,51,23,24,262,22,20,96,30,661,92,93,94],"class_list":["post-221506","post","type-post","status-publish","format-standard","has-post-thumbnail","category-maailm","tag-breaking-news","tag-breakingnews","tag-brussel","tag-donald-trump","tag-ee","tag-eesti","tag-eesti-keel","tag-estonia","tag-estonian","tag-euroopa","tag-euroopa-kaitsefond","tag-euroopa-liit","tag-featured-news","tag-featurednews","tag-headlines","tag-latest-news","tag-latestnews","tag-maailm","tag-nato","tag-nato-vajab-euroopa-kaitseks-varuplaane","tag-news","tag-poola","tag-populaarseimad-lood","tag-prantsusmaa","tag-saksamaa","tag-top-stories","tag-topstories","tag-ukraina","tag-uldised-uudised","tag-uudised","tag-venemaa","tag-viimased-uudised","tag-vladimir-putin","tag-world","tag-world-news","tag-worldnews"],"share_on_mastodon":{"url":"https:\/\/pubeurope.com\/@ee\/116871195872705371","error":""},"_links":{"self":[{"href":"https:\/\/www.europesays.com\/ee\/wp-json\/wp\/v2\/posts\/221506","targetHints":{"allow":["GET"]}}],"collection":[{"href":"https:\/\/www.europesays.com\/ee\/wp-json\/wp\/v2\/posts"}],"about":[{"href":"https:\/\/www.europesays.com\/ee\/wp-json\/wp\/v2\/types\/post"}],"author":[{"embeddable":true,"href":"https:\/\/www.europesays.com\/ee\/wp-json\/wp\/v2\/users\/2"}],"replies":[{"embeddable":true,"href":"https:\/\/www.europesays.com\/ee\/wp-json\/wp\/v2\/comments?post=221506"}],"version-history":[{"count":0,"href":"https:\/\/www.europesays.com\/ee\/wp-json\/wp\/v2\/posts\/221506\/revisions"}],"wp:featuredmedia":[{"embeddable":true,"href":"https:\/\/www.europesays.com\/ee\/wp-json\/wp\/v2\/media\/221507"}],"wp:attachment":[{"href":"https:\/\/www.europesays.com\/ee\/wp-json\/wp\/v2\/media?parent=221506"}],"wp:term":[{"taxonomy":"category","embeddable":true,"href":"https:\/\/www.europesays.com\/ee\/wp-json\/wp\/v2\/categories?post=221506"},{"taxonomy":"post_tag","embeddable":true,"href":"https:\/\/www.europesays.com\/ee\/wp-json\/wp\/v2\/tags?post=221506"}],"curies":[{"name":"wp","href":"https:\/\/api.w.org\/{rel}","templated":true}]}}