{"id":221510,"date":"2026-07-06T04:48:09","date_gmt":"2026-07-06T04:48:09","guid":{"rendered":"https:\/\/www.europesays.com\/ee\/221510\/"},"modified":"2026-07-06T04:48:09","modified_gmt":"2026-07-06T04:48:09","slug":"ulevaade-viis-kuulsat-paari-kes-abiellusid-maailma-tahtsaimates-vaatamisvaarsustes","status":"publish","type":"post","link":"https:\/\/www.europesays.com\/ee\/221510\/","title":{"rendered":"\u00dcLEVAADE | Viis kuulsat paari, kes abiellusid maailma t\u00e4htsaimates vaatamisv\u00e4\u00e4rsustes"},"content":{"rendered":"<p>Priyanka Chopra ja Nick Jonas<\/p>\n<p>N\u00e4itlejatar Priyanka Chopra ja laulja Nick Jonas abiellusid 2018. aastal India kuninglikus palees. Paar tunnistas, et broneerisd koha poolteist kuud enne abiellumist. \u201eValisime pulmapaiga \u00e4ra oktoobris ning abiellusime 1. detsembril,\u201c r\u00e4\u00e4kis Chopra ELLE UK-le 2019. aasta juulis. \u201eMeil oli planeerimiseks poolteist kuud, nii et me lihtsalt m\u00f5tlesime, et teeme \u00e4ra.\u201c<\/p>\n<p>Oled juba tellija?Logi sisse<\/p>\n<p><a href=\"https:\/\/kroonika.delfi.ee\/artikkel\/120595161\/ulevaade-viis-kuulsat-paari-kes-abiellusid-maailma-tahtsaimates-vaatamisvaarsustes\/kommentaarid\" class=\"article-body-bottom__comment article-body-bottom__comment--write button button--primary button--size-auto\" rel=\"nofollow noopener\" target=\"_blank\"> Kommenteeri <\/a><a href=\"https:\/\/kroonika.delfi.ee\/artikkel\/120595161\/ulevaade-viis-kuulsat-paari-kes-abiellusid-maailma-tahtsaimates-vaatamisvaarsustes\/kommentaarid\" class=\"article-body-bottom__comment article-body-bottom__comment--read button button--size-auto\" rel=\"nofollow noopener\" target=\"_blank\"> Loe kommentaare <\/a><\/p>\n","protected":false},"excerpt":{"rendered":"Priyanka Chopra ja Nick Jonas N\u00e4itlejatar Priyanka Chopra ja laulja Nick Jonas abiellusid 2018. aastal India kuninglikus palees.&hellip;\n","protected":false},"author":2,"featured_media":221511,"comment_status":"","ping_status":"","sticky":false,"template":"","format":"standard","meta":{"footnotes":"","_share_on_mastodon":"0"},"categories":[16],"tags":[37,33,35,173,34,36,140,5303],"class_list":["post-221510","post","type-post","status-publish","format-standard","has-post-thumbnail","category-meelelahutus","tag-ee","tag-eesti","tag-eesti-keel","tag-entertainment","tag-estonia","tag-estonian","tag-meelelahutus","tag-pulmad"],"share_on_mastodon":{"url":"https:\/\/pubeurope.com\/@ee\/116871227378322912","error":""},"_links":{"self":[{"href":"https:\/\/www.europesays.com\/ee\/wp-json\/wp\/v2\/posts\/221510","targetHints":{"allow":["GET"]}}],"collection":[{"href":"https:\/\/www.europesays.com\/ee\/wp-json\/wp\/v2\/posts"}],"about":[{"href":"https:\/\/www.europesays.com\/ee\/wp-json\/wp\/v2\/types\/post"}],"author":[{"embeddable":true,"href":"https:\/\/www.europesays.com\/ee\/wp-json\/wp\/v2\/users\/2"}],"replies":[{"embeddable":true,"href":"https:\/\/www.europesays.com\/ee\/wp-json\/wp\/v2\/comments?post=221510"}],"version-history":[{"count":0,"href":"https:\/\/www.europesays.com\/ee\/wp-json\/wp\/v2\/posts\/221510\/revisions"}],"wp:featuredmedia":[{"embeddable":true,"href":"https:\/\/www.europesays.com\/ee\/wp-json\/wp\/v2\/media\/221511"}],"wp:attachment":[{"href":"https:\/\/www.europesays.com\/ee\/wp-json\/wp\/v2\/media?parent=221510"}],"wp:term":[{"taxonomy":"category","embeddable":true,"href":"https:\/\/www.europesays.com\/ee\/wp-json\/wp\/v2\/categories?post=221510"},{"taxonomy":"post_tag","embeddable":true,"href":"https:\/\/www.europesays.com\/ee\/wp-json\/wp\/v2\/tags?post=221510"}],"curies":[{"name":"wp","href":"https:\/\/api.w.org\/{rel}","templated":true}]}}