{"id":221568,"date":"2026-07-06T06:08:12","date_gmt":"2026-07-06T06:08:12","guid":{"rendered":"https:\/\/www.europesays.com\/ee\/221568\/"},"modified":"2026-07-06T06:08:12","modified_gmt":"2026-07-06T06:08:12","slug":"paevahoroskoop-%e2%9f%a9-6-juuli-amburil-soodne-aeg-vabaneda-vanast-koormast-kaksikud-peaksid-ressursid-ule-vaatama","status":"publish","type":"post","link":"https:\/\/www.europesays.com\/ee\/221568\/","title":{"rendered":"P\u00c4EVAHOROSKOOP \u27e9 6. juuli: Amburil soodne aeg vabaneda vanast koormast, Kaksikud peaksid ressursid \u00fcle vaatama"},"content":{"rendered":"<p>P\u00e4ike j\u00f5uab kvadraati t\u00f5sise olemisega Saturniga. Kohustused n\u00f5uavad distsipliini. V\u00f5ta vastutus ja raja kindel vundament.<\/p>\n<p>M\u00f5tteavaldused v\u00f5ivad p\u00f5rkuda n\u00e4htamatute piirangute vastu. S\u00e4ilita rahu, keskendu olulisele ja hoia oma plaanid esialgu enda teada.<\/p>\n<p>Finantsasjade ajamisel v\u00f5ib tekkida vajadus pidurit t\u00f5mmata. Vaata oma ressursid kainelt \u00fcle ja \u00e4ra kuluta sentigi m\u00f5ttetutele asjadele.<\/p>\n<p>P\u00e4ikese ja Saturni pinge m\u00f5jul v\u00f5ivad isiklikud ambitsioonid ja autoriteetide arvamused p\u00f5rkuda. Seisa enda eest rahulikult ja targalt.<\/p>\n<p>Sisemised kahtlused v\u00f5i poolelij\u00e4\u00e4nud asjad vajavad s\u00fcvenemist. Usalda elutarkust, v\u00f5ta tempot maha ja luba endal kulisside taga puhata.<\/p>\n<p>Koost\u00f6\u00f6 raames v\u00f5ib ette tulla t\u00f5siseid kohustusi. V\u00e4ldi liigset kriitikat ja keskendu kindla, toimiva meeskonnat\u00f6\u00f6 loomisele.<\/p>\n<p>Karj\u00e4\u00e4ririndel v\u00f5ib tekkida vajadus t\u00f5estada oma k\u00fcpsust ja vastutustundlikkust. \u00c4ra karda pingutust, praegu loodud struktuur tagab tugeva toe.<\/p>\n<p>Maailmavaatelised sihid n\u00f5uavad reaalsete v\u00f5imaluste kaalumist. Keskendu teadmistele, mis on praktikas rakendatavad ja kindlad.<\/p>\n<p>\u00dchised rahalised kohustused n\u00f5uavad kainet ja ausat pilku. Vabasta end vanast koormast ja raja suhetes selgemad piirid.<\/p>\n<p>Partnerlussuhetes v\u00f5ib tekkida vajadus t\u00f5sistel teemadel r\u00e4\u00e4kida. Kuula kaaslast avatult, loo suhetesse kindlustunnet ja selgust.<\/p>\n<p>Igap\u00e4evane t\u00f6\u00f6 ja kohustused n\u00f5uavad suurt keskendumist ja rutiini j\u00e4rgimist. Hoolitse oma keha eest ja tee tervislikke valikuid.<\/p>\n<p>Romantilised ootused v\u00f5ivad vajada stabiilsemat alusp\u00f5hja. \u00c4ra kiirusta tundeid tagant, vaid naudi kergust ja hetkes olemist.<\/p>\n","protected":false},"excerpt":{"rendered":"P\u00e4ike j\u00f5uab kvadraati t\u00f5sise olemisega Saturniga. Kohustused n\u00f5uavad distsipliini. V\u00f5ta vastutus ja raja kindel vundament. M\u00f5tteavaldused v\u00f5ivad p\u00f5rkuda&hellip;\n","protected":false},"author":2,"featured_media":221569,"comment_status":"","ping_status":"","sticky":false,"template":"","format":"standard","meta":{"footnotes":"","_share_on_mastodon":"0"},"categories":[80],"tags":[90345,19497,26,27,37,33,35,34,36,31,32,21,206,19493,19496,9135,28,29,19494,95,19495,19,9935,25,26532,9136,37531,23,24,22,20,4194,30,92,93,94],"class_list":["post-221568","post","type-post","status-publish","format-standard","has-post-thumbnail","category-maailm","tag-6-juuli","tag-ambur","tag-breaking-news","tag-breakingnews","tag-ee","tag-eesti","tag-eesti-keel","tag-estonia","tag-estonian","tag-featured-news","tag-featurednews","tag-headlines","tag-horoskoop","tag-jaar","tag-kaalud","tag-kaksikud","tag-latest-news","tag-latestnews","tag-lovi","tag-maailm","tag-neitsi","tag-news","tag-paike","tag-populaarseimad-lood","tag-saturn","tag-sonn","tag-tahtkujud","tag-top-stories","tag-topstories","tag-uldised-uudised","tag-uudised","tag-vahk","tag-viimased-uudised","tag-world","tag-world-news","tag-worldnews"],"share_on_mastodon":{"url":"https:\/\/pubeurope.com\/@ee\/116871541966799682","error":""},"_links":{"self":[{"href":"https:\/\/www.europesays.com\/ee\/wp-json\/wp\/v2\/posts\/221568","targetHints":{"allow":["GET"]}}],"collection":[{"href":"https:\/\/www.europesays.com\/ee\/wp-json\/wp\/v2\/posts"}],"about":[{"href":"https:\/\/www.europesays.com\/ee\/wp-json\/wp\/v2\/types\/post"}],"author":[{"embeddable":true,"href":"https:\/\/www.europesays.com\/ee\/wp-json\/wp\/v2\/users\/2"}],"replies":[{"embeddable":true,"href":"https:\/\/www.europesays.com\/ee\/wp-json\/wp\/v2\/comments?post=221568"}],"version-history":[{"count":0,"href":"https:\/\/www.europesays.com\/ee\/wp-json\/wp\/v2\/posts\/221568\/revisions"}],"wp:featuredmedia":[{"embeddable":true,"href":"https:\/\/www.europesays.com\/ee\/wp-json\/wp\/v2\/media\/221569"}],"wp:attachment":[{"href":"https:\/\/www.europesays.com\/ee\/wp-json\/wp\/v2\/media?parent=221568"}],"wp:term":[{"taxonomy":"category","embeddable":true,"href":"https:\/\/www.europesays.com\/ee\/wp-json\/wp\/v2\/categories?post=221568"},{"taxonomy":"post_tag","embeddable":true,"href":"https:\/\/www.europesays.com\/ee\/wp-json\/wp\/v2\/tags?post=221568"}],"curies":[{"name":"wp","href":"https:\/\/api.w.org\/{rel}","templated":true}]}}