{"id":221604,"date":"2026-07-06T06:54:16","date_gmt":"2026-07-06T06:54:16","guid":{"rendered":"https:\/\/www.europesays.com\/ee\/221604\/"},"modified":"2026-07-06T06:54:16","modified_gmt":"2026-07-06T06:54:16","slug":"ancelotti-11-meetrilt-eksinud-guimaraesist-ta-oli-raphinha-ja-neymari-jarel-parim-valik-soccernet-ee","status":"publish","type":"post","link":"https:\/\/www.europesays.com\/ee\/221604\/","title":{"rendered":"Ancelotti 11 meetrilt eksinud Guimaraesist: ta oli Raphinha ja Neymari j\u00e4rel parim valik &#8211; Soccernet.ee"},"content":{"rendered":"<p><img decoding=\"async\" src=\"https:\/\/www.europesays.com\/ee\/wp-content\/uploads\/2026\/07\/1783316144.jpg\" alt=\"Brasiilia juhendaja Carlo Ancelotti. Foto: Scanpix \/ Rich Graessle \/ ZUMAPRESS.com\"\/>&#13;\n<\/p>\n<p>Carlo Ancelotti ja Brasiilia koondis pidid MM-i kaheksandikfinaalis tunnistama Norra 2:1 paremust. Kaotanud koondise loots tunnistas kohtumise j\u00e4rel siiski, et tema ametist ei taandu.\u00a0<\/p>\n<p>&#8220;J\u00e4tkame t\u00f6\u00f6d ja otsime uusi ideid,&#8221; tunnistas Ancelotti kohtumise j\u00e4rel. &#8220;Tulemus on meie jaoks pettumust valmistav ja me k\u00f5ik oleme kurvad. Aga meil on suurep\u00e4rane punt ja ma pean neid t\u00e4nama. Nad tegid v\u00e4ga k\u00f5vasti t\u00f6\u00f6d. Ma ei arva, et me v\u00e4\u00e4risime kaotust, aga peame sellega leppima. Selline on jalgpall, selline on sport.&#8221;\u00a0&#13;\n<\/p>\n<p>Ancelotti tunnistas, et kaotusega toime tulemine pole tema jaoks midagi uut. &#8220;M\u00f5nikord tuleb kurbuse ja kaotuse kibeda maitsega toime tulla. Olen sellega v\u00e4ga harjunud, aga v\u00f5tame selle kaotuse ja kasutame seda k\u00fctusena uue ts\u00fckli jaoks. K\u00f5ik on s\u00fcgavalt kurvad, nagu ka f\u00e4nnid. Sellised tunded on normaalsed, aga meie \u00fclesanne on \u00f5igesti reageerida.&#8221;&#13;\n<\/p>\n<p>Loots t\u00f5des, et &#8220;uue Brasiilia&#8221; \u00fclesehitamisel on v\u00f5tmekohaks uute m\u00e4ngijate leidmine keskv\u00e4ljale. P\u00e4rast kaotust l\u00f5petas koondisekarj\u00e4\u00e4ri Neymar, ent sama teed v\u00f5ivad minna ka keskv\u00e4ljamehed Casemiro ja Fabinho, kes on vastavalt 34- ja 32-aastased.\u00a0<\/p>\n<p>&#8220;Peame m\u00f5tlema tulevikule, aga on v\u00e4ga ilmne, et keskv\u00e4ljal tuleb meil m\u00f5ningaid m\u00e4ngijaid vahetada.\u00a0Me vajame noori talente ja k\u00f5rge tasemega m\u00e4ngijaid. K\u00fcll aga on meil on v\u00e4ga tugev tuumik ja suurep\u00e4rased m\u00e4ngijad, kes j\u00e4tkavad,&#8221; \u00fctles Ancelotti.\u00a0&#13;\n<\/p>\n<p>Brasiilia kaotusele aitas kaasa ka avapoolajal Bruno Guimaraesi poolt realiseerimata j\u00e4\u00e4nud 11 meetri karistusl\u00f6\u00f6k. Miks aga saadeti l\u00f6\u00f6ma Newcastle Unitedi mees? Ancelotti kaitses oma otsust statistikaga. &#8220;Tegime m\u00e4ngijate kohta statistikat ja selle j\u00e4rgi oli parim valik Raphinha. Seej\u00e4rel Neymar, Igor Thiago ja p\u00e4rast teda Bruno Guimaraes. Bruno j\u00e4rel oleks olnud Gabriel Martinelli,&#8221; selgitas loots.\u00a0&#13;\n<\/p>\n<blockquote class=\"twitter-tweet\"><p>&#13;<\/p>\n<p lang=\"en\" dir=\"ltr\">Carlo Ancelotti reveals that Vini Jr. wasn&#8217;t even in Brazil&#8217;s top five penalty takers \ud83d\ude2e <a href=\"https:\/\/t.co\/ma5kVgVElK\" rel=\"nofollow\">pic.twitter.com\/ma5kVgVElK<\/a>&#13;<br \/>\n\u2014 ESPN FC (@ESPNFC) <a href=\"https:\/\/x.com\/ESPNFC\/status\/2073925455992766656?ref_src=twsrc%5Etfw\" rel=\"nofollow\">July 6, 2026<\/a><\/p>\n<\/blockquote>\n<p>                      <script async src=\"https:\/\/platform.twitter.com\/widgets.js\" charset=\"utf-8\"><\/script><\/p>\n","protected":false},"excerpt":{"rendered":"&#13; Carlo Ancelotti ja Brasiilia koondis pidid MM-i kaheksandikfinaalis tunnistama Norra 2:1 paremust. Kaotanud koondise loots tunnistas kohtumise&hellip;\n","protected":false},"author":2,"featured_media":221605,"comment_status":"","ping_status":"","sticky":false,"template":"","format":"standard","meta":{"footnotes":"","_share_on_mastodon":"0"},"categories":[5],"tags":[29563,540,26,27,18420,29564,37,33,35,34,36,31,32,18422,21,28,29,1714,6890,19,25,23,24,22,20,30],"class_list":["post-221604","post","type-post","status-publish","format-standard","has-post-thumbnail","category-uldised-uudised","tag-ancelotti","tag-brasiilia","tag-breaking-news","tag-breakingnews","tag-bruno-guimaraes","tag-carlo-ancelotti","tag-ee","tag-eesti","tag-eesti-keel","tag-estonia","tag-estonian","tag-featured-news","tag-featurednews","tag-guimaraes","tag-headlines","tag-latest-news","tag-latestnews","tag-mm","tag-mm2026","tag-news","tag-populaarseimad-lood","tag-top-stories","tag-topstories","tag-uldised-uudised","tag-uudised","tag-viimased-uudised"],"share_on_mastodon":{"url":"https:\/\/pubeurope.com\/@ee\/116871722733290879","error":""},"_links":{"self":[{"href":"https:\/\/www.europesays.com\/ee\/wp-json\/wp\/v2\/posts\/221604","targetHints":{"allow":["GET"]}}],"collection":[{"href":"https:\/\/www.europesays.com\/ee\/wp-json\/wp\/v2\/posts"}],"about":[{"href":"https:\/\/www.europesays.com\/ee\/wp-json\/wp\/v2\/types\/post"}],"author":[{"embeddable":true,"href":"https:\/\/www.europesays.com\/ee\/wp-json\/wp\/v2\/users\/2"}],"replies":[{"embeddable":true,"href":"https:\/\/www.europesays.com\/ee\/wp-json\/wp\/v2\/comments?post=221604"}],"version-history":[{"count":0,"href":"https:\/\/www.europesays.com\/ee\/wp-json\/wp\/v2\/posts\/221604\/revisions"}],"wp:featuredmedia":[{"embeddable":true,"href":"https:\/\/www.europesays.com\/ee\/wp-json\/wp\/v2\/media\/221605"}],"wp:attachment":[{"href":"https:\/\/www.europesays.com\/ee\/wp-json\/wp\/v2\/media?parent=221604"}],"wp:term":[{"taxonomy":"category","embeddable":true,"href":"https:\/\/www.europesays.com\/ee\/wp-json\/wp\/v2\/categories?post=221604"},{"taxonomy":"post_tag","embeddable":true,"href":"https:\/\/www.europesays.com\/ee\/wp-json\/wp\/v2\/tags?post=221604"}],"curies":[{"name":"wp","href":"https:\/\/api.w.org\/{rel}","templated":true}]}}