{"id":221616,"date":"2026-07-06T07:14:17","date_gmt":"2026-07-06T07:14:17","guid":{"rendered":"https:\/\/www.europesays.com\/ee\/221616\/"},"modified":"2026-07-06T07:14:17","modified_gmt":"2026-07-06T07:14:17","slug":"neymar-kinnitas-brasiilia-koondisekarjaari-loppu-jalgpall","status":"publish","type":"post","link":"https:\/\/www.europesays.com\/ee\/221616\/","title":{"rendered":"Neymar kinnitas Brasiilia koondisekarj\u00e4\u00e4ri l\u00f5ppu | Jalgpall"},"content":{"rendered":"<p>Brasiilia jalgpallit\u00e4ht Neymar kinnitas p\u00e4rast MM-i kaheksandikfinaalis saadud 1:2 kaotust Norrale, et tema koondisekarj\u00e4\u00e4r on l\u00f5ppenud.<\/p>\n<p>34-aastane r\u00fcndaja l\u00f5i kohtumise \u00fcleminutitel penaltist Brasiilia ainsa v\u00e4rava, kuid sellest ei piisanud, et meeskonda konkurentsi hoida. P\u00e4rast m\u00e4ngu oli Neymar Brasiilia telekanalile TV Globo antud intervjuus silman\u00e4htavalt emotsionaalne.<\/p>\n<p>&#8220;Ma proovisin, ma t\u00f5esti proovisin. N\u00fc\u00fcd on k\u00f5ik l\u00e4bi. Alustasin siin ja l\u00f5petasin siin,&#8221; \u00fctles Neymar pisarates.<\/p>\n<p>Neymar tegi Brasiilia koondisedeb\u00fc\u00fcdi 2010. aastal ning l\u00f5petab koondisekarj\u00e4\u00e4ri riigi k\u00f5igi aegade parima v\u00e4ravak\u00fctina. Tema arvele j\u00e4i 130 koondisem\u00e4ngu ja 80 v\u00e4ravat.<\/p>\n<p>Viimastel aastatel on Neymari koondisekarj\u00e4\u00e4ri m\u00f5jutanud vigastused. 2023. aastal rebestas ta p\u00f5lve eesmise ristatisideme ning t\u00e4navusel MM-il j\u00e4ttis s\u00e4\u00e4revigastuse t\u00f5ttu vahele Brasiilia kaks esimest alagrupikohtumist. Turniiril p\u00e4\u00e4ses ta v\u00e4ljakule vaid kahes m\u00e4ngus.<\/p>\n","protected":false},"excerpt":{"rendered":"Brasiilia jalgpallit\u00e4ht Neymar kinnitas p\u00e4rast MM-i kaheksandikfinaalis saadud 1:2 kaotust Norrale, et tema koondisekarj\u00e4\u00e4r on l\u00f5ppenud. 34-aastane r\u00fcndaja&hellip;\n","protected":false},"author":2,"featured_media":221617,"comment_status":"","ping_status":"","sticky":false,"template":"","format":"standard","meta":{"footnotes":"","_share_on_mastodon":"0"},"categories":[80],"tags":[26,27,37,33,35,34,36,31,32,21,28,29,95,19,29565,25,23,24,22,20,30,92,93,94],"class_list":["post-221616","post","type-post","status-publish","format-standard","has-post-thumbnail","category-maailm","tag-breaking-news","tag-breakingnews","tag-ee","tag-eesti","tag-eesti-keel","tag-estonia","tag-estonian","tag-featured-news","tag-featurednews","tag-headlines","tag-latest-news","tag-latestnews","tag-maailm","tag-news","tag-neymar","tag-populaarseimad-lood","tag-top-stories","tag-topstories","tag-uldised-uudised","tag-uudised","tag-viimased-uudised","tag-world","tag-world-news","tag-worldnews"],"share_on_mastodon":{"url":"https:\/\/pubeurope.com\/@ee\/116871801346369799","error":""},"_links":{"self":[{"href":"https:\/\/www.europesays.com\/ee\/wp-json\/wp\/v2\/posts\/221616","targetHints":{"allow":["GET"]}}],"collection":[{"href":"https:\/\/www.europesays.com\/ee\/wp-json\/wp\/v2\/posts"}],"about":[{"href":"https:\/\/www.europesays.com\/ee\/wp-json\/wp\/v2\/types\/post"}],"author":[{"embeddable":true,"href":"https:\/\/www.europesays.com\/ee\/wp-json\/wp\/v2\/users\/2"}],"replies":[{"embeddable":true,"href":"https:\/\/www.europesays.com\/ee\/wp-json\/wp\/v2\/comments?post=221616"}],"version-history":[{"count":0,"href":"https:\/\/www.europesays.com\/ee\/wp-json\/wp\/v2\/posts\/221616\/revisions"}],"wp:featuredmedia":[{"embeddable":true,"href":"https:\/\/www.europesays.com\/ee\/wp-json\/wp\/v2\/media\/221617"}],"wp:attachment":[{"href":"https:\/\/www.europesays.com\/ee\/wp-json\/wp\/v2\/media?parent=221616"}],"wp:term":[{"taxonomy":"category","embeddable":true,"href":"https:\/\/www.europesays.com\/ee\/wp-json\/wp\/v2\/categories?post=221616"},{"taxonomy":"post_tag","embeddable":true,"href":"https:\/\/www.europesays.com\/ee\/wp-json\/wp\/v2\/tags?post=221616"}],"curies":[{"name":"wp","href":"https:\/\/api.w.org\/{rel}","templated":true}]}}