{"id":221643,"date":"2026-07-06T07:48:10","date_gmt":"2026-07-06T07:48:10","guid":{"rendered":"https:\/\/www.europesays.com\/ee\/221643\/"},"modified":"2026-07-06T07:48:10","modified_gmt":"2026-07-06T07:48:10","slug":"rainer-vakra-jatkab-keskkonnaameti-peadirektorina-eesti","status":"publish","type":"post","link":"https:\/\/www.europesays.com\/ee\/221643\/","title":{"rendered":"Rainer Vakra j\u00e4tkab keskkonnaameti peadirektorina | Eesti"},"content":{"rendered":"<p>Energeetika- ja keskkonnaminister Andres Sutt kinnitas riigikantselei tippjuhtide valikukomisjoni ettepanekul keskkonnaameti peadirektoriks teiseks ametiajaks Rainer Vakra. <\/p>\n<p>&#8220;Rainer Vakra on end t\u00f5estanud v\u00f5imeka juhina, kelle eestvedamisel on keskkonnaamet keskkonnakaitset korraldanud t\u00f5husalt ja kliendikesksemalt,&#8221; kommenteeris Sutt Vakra j\u00e4tkamist.<\/p>\n<p>Ministri ootus Vakrale uueks ametiajaks on, et keskkonnaamet oleks esmaj\u00e4rjekorras partner ja n\u00f5uandja nii eraisikutele kui ka ettev\u00f5tetele.<\/p>\n<p>&#8220;Valitsuse eesm\u00e4rk on kujundada \u00fcmber keskkonnalubade s\u00fcsteem, et ettev\u00f5tted saaksid tegevuse alustamiseks vajalikud load kiiresti, neile selgetel alustel ja v\u00e4iksema halduskoormusega. Sellesse reformi panustamine saab olema Raineri esmane \u00fclesanne teisel ametiajal,&#8221; s\u00f5nas Sutt.\u00a0<\/p>\n<p>Vakra on keskkonnaameti peadirektor alates 2022. aastast. Tal on juhtimiskogemus nii avalikus kui ka erasektoris. Varem on ta olnud Tallinna Soojuse juhatuse esimees, Tallinna N\u00f5mme linnaosa vanem ning XII ja XIII riigikogu liige, sealhulgas riigikogu keskkonnakomisjoni esimees.<\/p>\n<p>Vakral on Tallinna \u00dclikoolist magistrikraad kommunikatsioonis ning ta on omandanud samas \u00fclikoolis k\u00f5rghariduse keskkonnakorralduse erialal.<\/p>\n<p>Vakra teine ametiaeg keskkonnaameti peadirektorina algab 1. jaanuaril 2027 ja kestab viis aastat.<\/p>\n","protected":false},"excerpt":{"rendered":"Energeetika- ja keskkonnaminister Andres Sutt kinnitas riigikantselei tippjuhtide valikukomisjoni ettepanekul keskkonnaameti peadirektoriks teiseks ametiajaks Rainer Vakra. &#8220;Rainer Vakra&hellip;\n","protected":false},"author":2,"featured_media":221644,"comment_status":"","ping_status":"","sticky":false,"template":"","format":"standard","meta":{"footnotes":"","_share_on_mastodon":"0"},"categories":[12],"tags":[2338,26,27,37,33,35,34,36,31,32,21,1452,28,29,19,25,10880,23,24,22,20,30],"class_list":["post-221643","post","type-post","status-publish","format-standard","has-post-thumbnail","category-eesti","tag-andres-sutt","tag-breaking-news","tag-breakingnews","tag-ee","tag-eesti","tag-eesti-keel","tag-estonia","tag-estonian","tag-featured-news","tag-featurednews","tag-headlines","tag-keskkonnaamet","tag-latest-news","tag-latestnews","tag-news","tag-populaarseimad-lood","tag-rainer-vakra","tag-top-stories","tag-topstories","tag-uldised-uudised","tag-uudised","tag-viimased-uudised"],"share_on_mastodon":{"url":"https:\/\/pubeurope.com\/@ee\/116871934930207982","error":""},"_links":{"self":[{"href":"https:\/\/www.europesays.com\/ee\/wp-json\/wp\/v2\/posts\/221643","targetHints":{"allow":["GET"]}}],"collection":[{"href":"https:\/\/www.europesays.com\/ee\/wp-json\/wp\/v2\/posts"}],"about":[{"href":"https:\/\/www.europesays.com\/ee\/wp-json\/wp\/v2\/types\/post"}],"author":[{"embeddable":true,"href":"https:\/\/www.europesays.com\/ee\/wp-json\/wp\/v2\/users\/2"}],"replies":[{"embeddable":true,"href":"https:\/\/www.europesays.com\/ee\/wp-json\/wp\/v2\/comments?post=221643"}],"version-history":[{"count":0,"href":"https:\/\/www.europesays.com\/ee\/wp-json\/wp\/v2\/posts\/221643\/revisions"}],"wp:featuredmedia":[{"embeddable":true,"href":"https:\/\/www.europesays.com\/ee\/wp-json\/wp\/v2\/media\/221644"}],"wp:attachment":[{"href":"https:\/\/www.europesays.com\/ee\/wp-json\/wp\/v2\/media?parent=221643"}],"wp:term":[{"taxonomy":"category","embeddable":true,"href":"https:\/\/www.europesays.com\/ee\/wp-json\/wp\/v2\/categories?post=221643"},{"taxonomy":"post_tag","embeddable":true,"href":"https:\/\/www.europesays.com\/ee\/wp-json\/wp\/v2\/tags?post=221643"}],"curies":[{"name":"wp","href":"https:\/\/api.w.org\/{rel}","templated":true}]}}