{"id":221668,"date":"2026-07-06T08:18:12","date_gmt":"2026-07-06T08:18:12","guid":{"rendered":"https:\/\/www.europesays.com\/ee\/221668\/"},"modified":"2026-07-06T08:18:12","modified_gmt":"2026-07-06T08:18:12","slug":"luumurd-voitu-tahistanud-inglismaa-poolkaitsja-lahkus-lopuvile-jarel-valjakult-kanderaamil-tuchel-see-ei-nae-hea-valja-soccernet-ee","status":"publish","type":"post","link":"https:\/\/www.europesays.com\/ee\/221668\/","title":{"rendered":"Luumurd?! V\u00f5itu t\u00e4histanud Inglismaa poolkaitsja lahkus l\u00f5puvile j\u00e4rel v\u00e4ljakult kanderaamil (Tuchel: see ei n\u00e4e hea v\u00e4lja) &#8211; Soccernet.ee"},"content":{"rendered":"<p><img decoding=\"async\" src=\"https:\/\/www.europesays.com\/ee\/wp-content\/uploads\/2026\/07\/1783315001.jpg\" alt=\"Jordan Henderson lahkus v\u00e4ljakult kanderaamil. Foto: Scanpix \/ Bradley Cooper \/ PA\"\/>&#13;\n<\/p>\n<p>Inglismaa alistas MM-i kaheksandikfinaalis 3:2 Mehhiko, ent v\u00f5itu j\u00e4\u00e4b varjutama poolkaitsja Jordan Hendersoni t\u00f5sine k\u00e4evigastus.\u00a0<\/p>\n<p>Henderson t\u00e4histas koos meeskonnaga t\u00e4htsat v\u00f5itu, ent reklaamplakatitest \u00fcle h\u00fcpates kukkus ta \u00f5nnetult ja sai t\u00f5sise k\u00e4evigastuse, misj\u00e4rel ta kanderaamiga v\u00e4ljakult \u00e4ra toimetati. Jordan [Henderson] kukkus ja vigastas rannet. See n\u00e4eb v\u00e4ga halb v\u00e4lja,&#8221; \u00fctles Inglismaa peatreener Thomas Tuchel p\u00e4rast v\u00f5itu BBC-le.&#13;\n<\/p>\n<p>36-aastase Brentfordi poolkaitsja MM on seni piirdunud kuue minutiga Inglismaa L-alagrupi v\u00f5idum\u00e4ngu l\u00f5pus Panama vastu. &#8220;See on \u00fcsna t\u00f5sine vigastus ja see ei sobi kuidagi sellesse \u00f5htusse, sest Jordan ei saa meiega t\u00e4histada. Arst \u00fctles mulle, et ta on haiglas,&#8221; j\u00e4tkas Tuchel.&#13;\n<\/p>\n<p>Henderson on teine Inglismaa mees, kes oma koduriigi j\u00e4rgmist m\u00e4ngu platsi k\u00f5rvalt j\u00e4lgima peab. Lisaks temale ei saa meeskonda aidata \u00e4\u00e4rekaitsja Reece James, kes avam\u00e4ngus reielihast vigastas. J\u00e4rgmise kohtumise peab vahele j\u00e4tma ka kaitsja Jarell Quansah, kes Mehhiko vastu punase kaardi sai. Veerandfinaalis m\u00e4ngib Inglismaa laup\u00e4eval Norra vastu.\u00a0<\/p>\n<blockquote class=\"twitter-tweet\"><p>&#13;<\/p>\n<p lang=\"en\" dir=\"ltr\">Video of the Jordan Henderson incident, hope he\u2019s ok. \ud83d\ude4f <a href=\"https:\/\/t.co\/Tot0QtaXiF\" rel=\"nofollow\">pic.twitter.com\/Tot0QtaXiF<\/a>&#13;<br \/>\n\u2014 Arsenal Family (@arsenalfami1y) <a href=\"https:\/\/x.com\/arsenalfami1y\/status\/2073973243568935166?ref_src=twsrc%5Etfw\" rel=\"nofollow\">July 6, 2026<\/a><\/p>\n<\/blockquote>\n<p>                      <script async src=\"https:\/\/platform.twitter.com\/widgets.js\" charset=\"utf-8\"><\/script><\/p>\n","protected":false},"excerpt":{"rendered":"&#13; Inglismaa alistas MM-i kaheksandikfinaalis 3:2 Mehhiko, ent v\u00f5itu j\u00e4\u00e4b varjutama poolkaitsja Jordan Hendersoni t\u00f5sine k\u00e4evigastus.\u00a0 Henderson t\u00e4histas&hellip;\n","protected":false},"author":2,"featured_media":221669,"comment_status":"","ping_status":"","sticky":false,"template":"","format":"standard","meta":{"footnotes":"","_share_on_mastodon":"0"},"categories":[18],"tags":[37,33,35,34,36,90377,1101,90376,1714,6890,159,158,10086,7730],"class_list":["post-221668","post","type-post","status-publish","format-standard","has-post-thumbnail","category-sport","tag-ee","tag-eesti","tag-eesti-keel","tag-estonia","tag-estonian","tag-henderson","tag-inglismaa","tag-jordan-henderson","tag-mm","tag-mm2026","tag-sport","tag-sports","tag-thomas-tuchel","tag-tuchel"],"share_on_mastodon":{"url":"https:\/\/pubeurope.com\/@ee\/116872053105681555","error":""},"_links":{"self":[{"href":"https:\/\/www.europesays.com\/ee\/wp-json\/wp\/v2\/posts\/221668","targetHints":{"allow":["GET"]}}],"collection":[{"href":"https:\/\/www.europesays.com\/ee\/wp-json\/wp\/v2\/posts"}],"about":[{"href":"https:\/\/www.europesays.com\/ee\/wp-json\/wp\/v2\/types\/post"}],"author":[{"embeddable":true,"href":"https:\/\/www.europesays.com\/ee\/wp-json\/wp\/v2\/users\/2"}],"replies":[{"embeddable":true,"href":"https:\/\/www.europesays.com\/ee\/wp-json\/wp\/v2\/comments?post=221668"}],"version-history":[{"count":0,"href":"https:\/\/www.europesays.com\/ee\/wp-json\/wp\/v2\/posts\/221668\/revisions"}],"wp:featuredmedia":[{"embeddable":true,"href":"https:\/\/www.europesays.com\/ee\/wp-json\/wp\/v2\/media\/221669"}],"wp:attachment":[{"href":"https:\/\/www.europesays.com\/ee\/wp-json\/wp\/v2\/media?parent=221668"}],"wp:term":[{"taxonomy":"category","embeddable":true,"href":"https:\/\/www.europesays.com\/ee\/wp-json\/wp\/v2\/categories?post=221668"},{"taxonomy":"post_tag","embeddable":true,"href":"https:\/\/www.europesays.com\/ee\/wp-json\/wp\/v2\/tags?post=221668"}],"curies":[{"name":"wp","href":"https:\/\/api.w.org\/{rel}","templated":true}]}}