{"id":221738,"date":"2026-07-06T09:37:10","date_gmt":"2026-07-06T09:37:10","guid":{"rendered":"https:\/\/www.europesays.com\/ee\/221738\/"},"modified":"2026-07-06T09:37:10","modified_gmt":"2026-07-06T09:37:10","slug":"mali-massulised-tulistasid-alla-vene-aafrika-korpuse-helikopteri","status":"publish","type":"post","link":"https:\/\/www.europesays.com\/ee\/221738\/","title":{"rendered":"Mali m\u00e4ssulised tulistasid alla Vene Aafrika korpuse helikopteri"},"content":{"rendered":"<p>Juhtumist avaldati ka video, mille ehtsust kinnitas s\u00f5ltumatu OSINT-anal\u00fc\u00fctik OSINTWarfare. Mis sai meeskonnast, ei ole teada. Mali konflikti kajastava <a rel=\"noopener nofollow\" target=\"_blank\" href=\"https:\/\/www.delfi.ee\/teema\/24176777\/turgi\" tag-id=\"24176777\">T\u00fcrgi<\/a> ajakirjaniku Mahmut Bozarslani s\u00f5nul k\u00f5ik pardal olnud hukkusid, vahendab Meduza.<\/p>\n<p>Venemaa kaitseministeerium ei ole helikopteri kaotamist kommenteerinud, aga selle allakukkumisest kirjutas Telegrami kanal \u201eAfrikar\u201c, mida seostatakse mitteametlikult kaitseministeeriumiga.<\/p>\n<p>2021. aastal riigip\u00f6\u00f6rdega v\u00f5imule tulnud s\u00f5jav\u00e4ehunta v\u00f5itleb Malis <a rel=\"noopener nofollow\" target=\"_blank\" href=\"https:\/\/www.delfi.ee\/teema\/96944370\/tuareegid\" tag-id=\"96944370\">tuareegide<\/a> vastu, kes tahavad luua oma iseseisva riigi, ja <a rel=\"noopener nofollow\" target=\"_blank\" href=\"https:\/\/www.delfi.ee\/teema\/56498796\/al-qaida\" tag-id=\"56498796\">Al-Qaida<\/a> vastu. Venemaa Aafrika korpus s\u00f5dib hunta poolel.<\/p>\n<p>M\u00e4ssulised tulistasid Vene s\u00f5jav\u00e4ekopteri alla ka aprillis. Siis hukkusid k\u00f5ik pardal olnud.<\/p>\n<p>Kuidas see lugu Sind end tundma pani? Saada <a href=\"https:\/\/www.delfi.ee\/artikkel\/120595307\/mali-massulised-tulistasid-alla-vene-aafrika-korpuse-helikopteri\/kommentaarid\" class=\"article-body-bottom__comment article-body-bottom__comment--write button button--primary button--size-auto\" rel=\"nofollow noopener\" target=\"_blank\"> Kommenteeri <\/a><a href=\"https:\/\/www.delfi.ee\/artikkel\/120595307\/mali-massulised-tulistasid-alla-vene-aafrika-korpuse-helikopteri\/kommentaarid\" class=\"article-body-bottom__comment article-body-bottom__comment--read button button--size-auto\" rel=\"nofollow noopener\" target=\"_blank\"> Loe kommentaare (1)<\/a><\/p>\n","protected":false},"excerpt":{"rendered":"Juhtumist avaldati ka video, mille ehtsust kinnitas s\u00f5ltumatu OSINT-anal\u00fc\u00fctik OSINTWarfare. Mis sai meeskonnast, ei ole teada. Mali konflikti&hellip;\n","protected":false},"author":2,"featured_media":221739,"comment_status":"","ping_status":"","sticky":false,"template":"","format":"standard","meta":{"footnotes":"","_share_on_mastodon":"0"},"categories":[80],"tags":[1114,15982,26,27,37,33,35,34,36,31,32,21,28,29,95,13214,19,25,23,24,90399,329,22,20,96,30,92,93,94],"class_list":["post-221738","post","type-post","status-publish","format-standard","has-post-thumbnail","category-maailm","tag-aafrika","tag-al-qaida","tag-breaking-news","tag-breakingnews","tag-ee","tag-eesti","tag-eesti-keel","tag-estonia","tag-estonian","tag-featured-news","tag-featurednews","tag-headlines","tag-latest-news","tag-latestnews","tag-maailm","tag-mali","tag-news","tag-populaarseimad-lood","tag-top-stories","tag-topstories","tag-tuareegid","tag-turgi","tag-uldised-uudised","tag-uudised","tag-venemaa","tag-viimased-uudised","tag-world","tag-world-news","tag-worldnews"],"share_on_mastodon":{"url":"https:\/\/pubeurope.com\/@ee\/116872363530984633","error":""},"_links":{"self":[{"href":"https:\/\/www.europesays.com\/ee\/wp-json\/wp\/v2\/posts\/221738","targetHints":{"allow":["GET"]}}],"collection":[{"href":"https:\/\/www.europesays.com\/ee\/wp-json\/wp\/v2\/posts"}],"about":[{"href":"https:\/\/www.europesays.com\/ee\/wp-json\/wp\/v2\/types\/post"}],"author":[{"embeddable":true,"href":"https:\/\/www.europesays.com\/ee\/wp-json\/wp\/v2\/users\/2"}],"replies":[{"embeddable":true,"href":"https:\/\/www.europesays.com\/ee\/wp-json\/wp\/v2\/comments?post=221738"}],"version-history":[{"count":0,"href":"https:\/\/www.europesays.com\/ee\/wp-json\/wp\/v2\/posts\/221738\/revisions"}],"wp:featuredmedia":[{"embeddable":true,"href":"https:\/\/www.europesays.com\/ee\/wp-json\/wp\/v2\/media\/221739"}],"wp:attachment":[{"href":"https:\/\/www.europesays.com\/ee\/wp-json\/wp\/v2\/media?parent=221738"}],"wp:term":[{"taxonomy":"category","embeddable":true,"href":"https:\/\/www.europesays.com\/ee\/wp-json\/wp\/v2\/categories?post=221738"},{"taxonomy":"post_tag","embeddable":true,"href":"https:\/\/www.europesays.com\/ee\/wp-json\/wp\/v2\/tags?post=221738"}],"curies":[{"name":"wp","href":"https:\/\/api.w.org\/{rel}","templated":true}]}}