{"id":221841,"date":"2026-07-06T11:30:09","date_gmt":"2026-07-06T11:30:09","guid":{"rendered":"https:\/\/www.europesays.com\/ee\/221841\/"},"modified":"2026-07-06T11:30:09","modified_gmt":"2026-07-06T11:30:09","slug":"arvustus-%e2%9f%a9-michael-jacksoni-film-kuidas-kull-kunstiliselt-nii-nork-ja-habitu-reklaam-suudab-teha-sellise-kassa","status":"publish","type":"post","link":"https:\/\/www.europesays.com\/ee\/221841\/","title":{"rendered":"ARVUSTUS \u27e9 Michael Jacksoni film: kuidas k\u00fcll kunstiliselt nii n\u00f5rk ja h\u00e4bitu reklaam suudab teha sellise kassa?"},"content":{"rendered":"<p>Asi on ametlik. Michael Jacksoni l\u00fchikeseks j\u00e4\u00e4nud elust k\u00f5nelev \u00abMichael\u00bb edestas kassatulult Freddie Mercury l\u00fchikesest elust k\u00f5neleva \u00abBohemian Rhapsody\u00bb ja on n\u00fc\u00fcd maailma k\u00f5ige tulusam muusikafilm. Kassa l\u00e4heneb v\u00e4\u00e4ramatult miljardile dollarile.<\/p>\n<p class=\"MsoNormal\">Tegemist on 200 miljonit dollarit maksma l\u00e4inud naiivse sisuturundusega, mille taga on popikuninga p\u00e4randi haldamise fond koos l\u00e4hisugulastega ning Michaelit kehastab tema vennapoeg Jaafar.<\/p>\n","protected":false},"excerpt":{"rendered":"Asi on ametlik. Michael Jacksoni l\u00fchikeseks j\u00e4\u00e4nud elust k\u00f5nelev \u00abMichael\u00bb edestas kassatulult Freddie Mercury l\u00fchikesest elust k\u00f5neleva \u00abBohemian&hellip;\n","protected":false},"author":2,"featured_media":155025,"comment_status":"","ping_status":"","sticky":false,"template":"","format":"standard","meta":{"footnotes":"","_share_on_mastodon":"0"},"categories":[91],"tags":[77264,88223,240,37,33,35,50500,173,34,36,42540,88231,90442,88230,90443,241,140,9824,18610,88225,88224,90441],"class_list":["post-221841","post","type-post","status-publish","format-standard","has-post-thumbnail","category-kuulsused","tag-antoine-fuqua","tag-bohemian-rhapsody","tag-celebrities","tag-ee","tag-eesti","tag-eesti-keel","tag-eluloofilm","tag-entertainment","tag-estonia","tag-estonian","tag-freddie-mercury","tag-graham-king","tag-john-branca","tag-john-logan","tag-john-mcclain","tag-kuulsused","tag-meelelahutus","tag-michael","tag-michael-jackson","tag-muusikafilm","tag-popikuningas","tag-propagandafilm"],"share_on_mastodon":{"url":"https:\/\/pubeurope.com\/@ee\/116872808043645487","error":""},"_links":{"self":[{"href":"https:\/\/www.europesays.com\/ee\/wp-json\/wp\/v2\/posts\/221841","targetHints":{"allow":["GET"]}}],"collection":[{"href":"https:\/\/www.europesays.com\/ee\/wp-json\/wp\/v2\/posts"}],"about":[{"href":"https:\/\/www.europesays.com\/ee\/wp-json\/wp\/v2\/types\/post"}],"author":[{"embeddable":true,"href":"https:\/\/www.europesays.com\/ee\/wp-json\/wp\/v2\/users\/2"}],"replies":[{"embeddable":true,"href":"https:\/\/www.europesays.com\/ee\/wp-json\/wp\/v2\/comments?post=221841"}],"version-history":[{"count":0,"href":"https:\/\/www.europesays.com\/ee\/wp-json\/wp\/v2\/posts\/221841\/revisions"}],"wp:featuredmedia":[{"embeddable":true,"href":"https:\/\/www.europesays.com\/ee\/wp-json\/wp\/v2\/media\/155025"}],"wp:attachment":[{"href":"https:\/\/www.europesays.com\/ee\/wp-json\/wp\/v2\/media?parent=221841"}],"wp:term":[{"taxonomy":"category","embeddable":true,"href":"https:\/\/www.europesays.com\/ee\/wp-json\/wp\/v2\/categories?post=221841"},{"taxonomy":"post_tag","embeddable":true,"href":"https:\/\/www.europesays.com\/ee\/wp-json\/wp\/v2\/tags?post=221841"}],"curies":[{"name":"wp","href":"https:\/\/api.w.org\/{rel}","templated":true}]}}