{"id":221889,"date":"2026-07-06T12:25:31","date_gmt":"2026-07-06T12:25:31","guid":{"rendered":"https:\/\/www.europesays.com\/ee\/221889\/"},"modified":"2026-07-06T12:25:31","modified_gmt":"2026-07-06T12:25:31","slug":"vene-vaed-on-malis-uha-tugevama-massuliste-surve-all-valismaa","status":"publish","type":"post","link":"https:\/\/www.europesays.com\/ee\/221889\/","title":{"rendered":"Vene v\u00e4ed on Malis \u00fcha tugevama m\u00e4ssuliste surve all | V\u00e4lismaa"},"content":{"rendered":"<p>V\u00e4ljaanne Ukrainska Pravda vahendab, et Venemaa v\u00e4ed seisavad Malis silmitsi \u00fcha kasvava m\u00e4ssuliste survega. Malis tegutsevad m\u00e4ssulised teatasid, et tulistasid alla Venemaa kaitseministeeriumile kuuluva s\u00f5jav\u00e4ekopteri ning alustasid pealetungi riigi p\u00f5hjaosas.<\/p>\n<p>Malis tegutsevad tuareegi m\u00e4ssulised teatasid, et tulistasid 5. juulil alla Venemaa kaitseministeeriumi Aafrika korpusele kuulunud s\u00f5jav\u00e4ekopteri ning alustasid samal ajal pealetungi riigi p\u00f5hjaosas asuvale strateegiliselt t\u00e4htsale Anefise linnale.<\/p>\n<p>M\u00e4ssulised korraldasid varitsuse ka Venemaa Aafrika korpuse kolonnile, mis liikus Gao linnast Anefise suunas kaitset tugevdama. Lahingutes h\u00e4vis mitu Venemaa s\u00f5jav\u00e4eveokit.<\/p>\n<p>Lisaks on m\u00e4ssulised r\u00fcnnanud Mali valitsusv\u00e4gede ja Vene palgas\u00f5durite positsioone mitmel pool riigis. Pealetungi peamine sihtm\u00e4rk oli Anefise linn, mis on p\u00e4rast aprillis toimunud m\u00e4ssuliste r\u00fcnnakut Mali armee ja Vene v\u00f5itlejate viimane strateegiline tugipunkt Kidali piirkonnas.<\/p>\n<p>Ukrainska Pravda toob v\u00e4lja, et p\u00e4rast 2021. aasta riigip\u00f6\u00f6ret hakkas Mali hunta toetuma \u00fcha enam Vene palgas\u00f5duritele. Esialgu tegutsesid Malis Wagneri palgas\u00f5durid, kuid p\u00e4rast Jevgeni Prigo\u017eini m\u00e4ssu asendati nad Venemaa kaitseministeeriumi kontrolli all oleva Aafrika korpusega.<\/p>\n<p>2024. aastal \u00fchendasid kohalikud m\u00e4ssuliste r\u00fchmitused j\u00f5ud, et luua P\u00f5hja-Malisse iseseisev riik.<\/p>\n","protected":false},"excerpt":{"rendered":"V\u00e4ljaanne Ukrainska Pravda vahendab, et Venemaa v\u00e4ed seisavad Malis silmitsi \u00fcha kasvava m\u00e4ssuliste survega. Malis tegutsevad m\u00e4ssulised teatasid,&hellip;\n","protected":false},"author":2,"featured_media":221890,"comment_status":"","ping_status":"","sticky":false,"template":"","format":"standard","meta":{"footnotes":"","_share_on_mastodon":"0"},"categories":[5],"tags":[26,27,37,33,35,34,36,31,32,21,28,29,13214,90464,19,25,23,24,22,20,96,30],"class_list":["post-221889","post","type-post","status-publish","format-standard","has-post-thumbnail","category-uldised-uudised","tag-breaking-news","tag-breakingnews","tag-ee","tag-eesti","tag-eesti-keel","tag-estonia","tag-estonian","tag-featured-news","tag-featurednews","tag-headlines","tag-latest-news","tag-latestnews","tag-mali","tag-masulised","tag-news","tag-populaarseimad-lood","tag-top-stories","tag-topstories","tag-uldised-uudised","tag-uudised","tag-venemaa","tag-viimased-uudised"],"share_on_mastodon":{"url":"https:\/\/pubeurope.com\/@ee\/116873024437533333","error":""},"_links":{"self":[{"href":"https:\/\/www.europesays.com\/ee\/wp-json\/wp\/v2\/posts\/221889","targetHints":{"allow":["GET"]}}],"collection":[{"href":"https:\/\/www.europesays.com\/ee\/wp-json\/wp\/v2\/posts"}],"about":[{"href":"https:\/\/www.europesays.com\/ee\/wp-json\/wp\/v2\/types\/post"}],"author":[{"embeddable":true,"href":"https:\/\/www.europesays.com\/ee\/wp-json\/wp\/v2\/users\/2"}],"replies":[{"embeddable":true,"href":"https:\/\/www.europesays.com\/ee\/wp-json\/wp\/v2\/comments?post=221889"}],"version-history":[{"count":0,"href":"https:\/\/www.europesays.com\/ee\/wp-json\/wp\/v2\/posts\/221889\/revisions"}],"wp:featuredmedia":[{"embeddable":true,"href":"https:\/\/www.europesays.com\/ee\/wp-json\/wp\/v2\/media\/221890"}],"wp:attachment":[{"href":"https:\/\/www.europesays.com\/ee\/wp-json\/wp\/v2\/media?parent=221889"}],"wp:term":[{"taxonomy":"category","embeddable":true,"href":"https:\/\/www.europesays.com\/ee\/wp-json\/wp\/v2\/categories?post=221889"},{"taxonomy":"post_tag","embeddable":true,"href":"https:\/\/www.europesays.com\/ee\/wp-json\/wp\/v2\/tags?post=221889"}],"curies":[{"name":"wp","href":"https:\/\/api.w.org\/{rel}","templated":true}]}}