{"id":221901,"date":"2026-07-06T12:43:09","date_gmt":"2026-07-06T12:43:09","guid":{"rendered":"https:\/\/www.europesays.com\/ee\/221901\/"},"modified":"2026-07-06T12:43:09","modified_gmt":"2026-07-06T12:43:09","slug":"euroopa-laskespordiliit-jattis-eesti-totral-pohjusel-emi-korraldamisest-ilma","status":"publish","type":"post","link":"https:\/\/www.europesays.com\/ee\/221901\/","title":{"rendered":"Euroopa laskespordiliit j\u00e4ttis Eesti totral p\u00f5hjusel EMi korraldamisest ilma"},"content":{"rendered":"<p>V\u00f5istluste \u00fcmberpaigutamise p\u00f5hjuseks on Euroopa Laskespordi Konf\u00f6deratsiooni seisukoht, et ol\u00fcmpiap\u00e4\u00e4smeid andvatel v\u00f5istlustel peab olema tagatud k\u00f5igi liikmesriikide sportlaste osalemisv\u00f5imalus.<\/p>\n<p>Kuna Eesti kehtiva poliitika kohaselt ei saa Eestis toimuvatel rahvusvahelistel spordi\u00fcritustel osaleda Venemaa ja Valgevene kodanikud, ei ole Eestis v\u00f5imalik tagada kvalifikatsiooniv\u00f5istluse t\u00e4ielikku osalejate ringi. Seet\u00f5ttu otsustas ESC Euroopa meistriv\u00f5istlused Granadasse viia.<\/p>\n<p>\u00abLoomulikult on kahju, et meil ei avane v\u00f5imalust v\u00f5\u00f5rustada 2027. aasta Euroopa \u00f5hkrelvade meistriv\u00f5istlusi. M\u00f5istame, et ol\u00fcmpiakvalifikatsiooniv\u00f5istluste puhul l\u00e4htub Euroopa Laskespordi Konf\u00f6deratsioonil p\u00f5him\u00f5ttest, et k\u00f5ik osalemis\u00f5igust omavad sportlased peavad saama v\u00f5istelda. Eesti Laskurliit l\u00e4htub siiski Eesti riigi p\u00f5him\u00f5ttest ning ei saa lubada Vagevene v\u00f5i Venemaa kodanikke Eestisse,\u00bb \u00fctles Eesti Laskurliidu president Vahur Karus.<\/p>\n<p>EM peetakse 2027. aasta m\u00e4rtsis ning on \u00fchtlasi kvalifikatsiooniv\u00f5istluseks 2028. aasta Los Angelese ol\u00fcmpiam\u00e4ngudele ja 2027. aasta Euroopa m\u00e4ngudele.<\/p>\n<p>Eesti Laskurliit sai Euroopa meistriv\u00f5istluste korraldus\u00f5iguse 2023. aastal. Tallinnast oleks saanud neljandat korda \u00f5hkrelvade Euroopa meistriv\u00f5istluste v\u00f5\u00f5rustaja \u2014 varasemad korraldusaastad olid 1998, 2005 ja 2023.<\/p>\n<p>T\u00e4navu v\u00f5\u00f5rustab Eesti nelja rahvusvahelist laskev\u00f5istlust, sealhulgas ka maailmameistriv\u00f5istlusi. Rahvusvaheliste v\u00f5istluste sari algab sel n\u00e4dalavahetusel 25 meetri p\u00fcstolialade Euroopa karikav\u00f5istluste etapiga Kaitseliidu M\u00e4nniku lasketiirus. 25 m Euroopa karikav\u00f5istluste etapp toimub Eestis \u00fcheksandat korda. Maailmameistriv\u00f5istlused peetakse 20.\u201326. juulil Kaitseliidu M\u00e4nniku lasketiirus ning toovad Eestisse maailma parimad sportlased.<\/p>\n<p>Suvi j\u00e4tkub 5.\u20139. augustil Elvas ja Otep\u00e4\u00e4l P\u00f5hjamaade meistriv\u00f5istlustega, mis peetakse Eestis esmakordselt. Euroopa noortemeistrid selguvad 20.\u201326. augustini Kaitseliidu M\u00e4nniku lasketiirus toimuvatel U18 Euroopa meistriv\u00f5istlustel.<\/p>\n","protected":false},"excerpt":{"rendered":"V\u00f5istluste \u00fcmberpaigutamise p\u00f5hjuseks on Euroopa Laskespordi Konf\u00f6deratsiooni seisukoht, et ol\u00fcmpiap\u00e4\u00e4smeid andvatel v\u00f5istlustel peab olema tagatud k\u00f5igi liikmesriikide sportlaste&hellip;\n","protected":false},"author":2,"featured_media":221902,"comment_status":"","ping_status":"","sticky":false,"template":"","format":"standard","meta":{"footnotes":"","_share_on_mastodon":"0"},"categories":[18],"tags":[37,33,35,90470,34,36,90469,90468,90472,90471,3329,90473,20129,32195,159,158,14208],"class_list":["post-221901","post","type-post","status-publish","format-standard","has-post-thumbnail","category-sport","tag-ee","tag-eesti","tag-eesti-keel","tag-eesti-laskurliit","tag-estonia","tag-estonian","tag-euroopa-laskespordi-konfoderatsioon","tag-euroopa-laskespordiliit","tag-euroopa-mangud","tag-euroopa-ohkrelvade-meistrivoistlused","tag-granada","tag-kaitseliidu-manniku-lasketiir","tag-los-angelese-olumpiamangud","tag-pohjamaade-meistrivoistlused","tag-sport","tag-sports","tag-u18-euroopa-meistrivoistlused"],"share_on_mastodon":{"url":"https:\/\/pubeurope.com\/@ee\/116873095142412891","error":""},"_links":{"self":[{"href":"https:\/\/www.europesays.com\/ee\/wp-json\/wp\/v2\/posts\/221901","targetHints":{"allow":["GET"]}}],"collection":[{"href":"https:\/\/www.europesays.com\/ee\/wp-json\/wp\/v2\/posts"}],"about":[{"href":"https:\/\/www.europesays.com\/ee\/wp-json\/wp\/v2\/types\/post"}],"author":[{"embeddable":true,"href":"https:\/\/www.europesays.com\/ee\/wp-json\/wp\/v2\/users\/2"}],"replies":[{"embeddable":true,"href":"https:\/\/www.europesays.com\/ee\/wp-json\/wp\/v2\/comments?post=221901"}],"version-history":[{"count":0,"href":"https:\/\/www.europesays.com\/ee\/wp-json\/wp\/v2\/posts\/221901\/revisions"}],"wp:featuredmedia":[{"embeddable":true,"href":"https:\/\/www.europesays.com\/ee\/wp-json\/wp\/v2\/media\/221902"}],"wp:attachment":[{"href":"https:\/\/www.europesays.com\/ee\/wp-json\/wp\/v2\/media?parent=221901"}],"wp:term":[{"taxonomy":"category","embeddable":true,"href":"https:\/\/www.europesays.com\/ee\/wp-json\/wp\/v2\/categories?post=221901"},{"taxonomy":"post_tag","embeddable":true,"href":"https:\/\/www.europesays.com\/ee\/wp-json\/wp\/v2\/tags?post=221901"}],"curies":[{"name":"wp","href":"https:\/\/api.w.org\/{rel}","templated":true}]}}