{"id":221925,"date":"2026-07-06T13:09:12","date_gmt":"2026-07-06T13:09:12","guid":{"rendered":"https:\/\/www.europesays.com\/ee\/221925\/"},"modified":"2026-07-06T13:09:12","modified_gmt":"2026-07-06T13:09:12","slug":"aivo-lill-%e2%9f%a9-viis-pohjust-miks-venemaa-ei-runda-eestit","status":"publish","type":"post","link":"https:\/\/www.europesays.com\/ee\/221925\/","title":{"rendered":"AIVO LILL \u27e9 Viis p\u00f5hjust, miks Venemaa ei r\u00fcnda Eestit"},"content":{"rendered":"<p>Delfile antud intervjuus \u00fctleb endine Eesti kaitsev\u00e4e \u00fclem Martin Herem muu hulgas j\u00e4rgmist: \u00abV\u00e4idan, et meil ei ole \u00f5rna aimugi, kui k\u00f5rget hinda on Venemaa valmis maksma oma s\u00f5jaliste eesm\u00e4rkide saavutamiseks.\u00bb Samuti n\u00e4eme segadust ja hirmu Euroopa juhtide seas teadete peale, et USA kavatseb Euroopas oma v\u00e4gesid v\u00e4hendada. Tuletaksin meelde, et Ukraina seisab juba viiendat aastat Venemaale vastu, ilma et tema pinnal asuksid USA v\u00e4ed. Ja Martin Heremi v\u00e4ite peale k\u00fcsiksin mina: kas on ikka nii, et meil ei ole \u00f5rna aimugi, kui k\u00f5rget hinda on Venemaa valmis maksma oma s\u00f5jaliste eesm\u00e4rkide saavutamiseks? Ja minu vastus on, et meil on v\u00f5imalik seda k\u00fcllalt t\u00e4pselt hinnata. Selleks vaatame, mida Venemaa p\u00e4rast NSVLi kokkukukkumist ja Putini v\u00f5imu ajal s\u00f5jaliste operatsioonide alal teinud on.<\/p>\n","protected":false},"excerpt":{"rendered":"Delfile antud intervjuus \u00fctleb endine Eesti kaitsev\u00e4e \u00fclem Martin Herem muu hulgas j\u00e4rgmist: \u00abV\u00e4idan, et meil ei ole&hellip;\n","protected":false},"author":2,"featured_media":221926,"comment_status":"","ping_status":"","sticky":false,"template":"","format":"standard","meta":{"footnotes":"","_share_on_mastodon":"0"},"categories":[5],"tags":[587,90476,26,27,37,33,35,34,36,31,32,1946,21,84612,28,29,90477,54,19,25,51,113,53815,23,24,637,262,22,20,96,30],"class_list":["post-221925","post","type-post","status-publish","format-standard","has-post-thumbnail","category-uldised-uudised","tag-ameerika-uhendriigid","tag-bosporuse-vainad","tag-breaking-news","tag-breakingnews","tag-ee","tag-eesti","tag-eesti-keel","tag-estonia","tag-estonian","tag-featured-news","tag-featurednews","tag-gruusia","tag-headlines","tag-holger-neumann","tag-latest-news","tag-latestnews","tag-lora-susteemid","tag-nato","tag-news","tag-populaarseimad-lood","tag-saksamaa","tag-soome","tag-taani-vainad","tag-top-stories","tag-topstories","tag-tsetseenia","tag-ukraina","tag-uldised-uudised","tag-uudised","tag-venemaa","tag-viimased-uudised"],"share_on_mastodon":{"url":"https:\/\/pubeurope.com\/@ee\/116873197112481735","error":""},"_links":{"self":[{"href":"https:\/\/www.europesays.com\/ee\/wp-json\/wp\/v2\/posts\/221925","targetHints":{"allow":["GET"]}}],"collection":[{"href":"https:\/\/www.europesays.com\/ee\/wp-json\/wp\/v2\/posts"}],"about":[{"href":"https:\/\/www.europesays.com\/ee\/wp-json\/wp\/v2\/types\/post"}],"author":[{"embeddable":true,"href":"https:\/\/www.europesays.com\/ee\/wp-json\/wp\/v2\/users\/2"}],"replies":[{"embeddable":true,"href":"https:\/\/www.europesays.com\/ee\/wp-json\/wp\/v2\/comments?post=221925"}],"version-history":[{"count":0,"href":"https:\/\/www.europesays.com\/ee\/wp-json\/wp\/v2\/posts\/221925\/revisions"}],"wp:featuredmedia":[{"embeddable":true,"href":"https:\/\/www.europesays.com\/ee\/wp-json\/wp\/v2\/media\/221926"}],"wp:attachment":[{"href":"https:\/\/www.europesays.com\/ee\/wp-json\/wp\/v2\/media?parent=221925"}],"wp:term":[{"taxonomy":"category","embeddable":true,"href":"https:\/\/www.europesays.com\/ee\/wp-json\/wp\/v2\/categories?post=221925"},{"taxonomy":"post_tag","embeddable":true,"href":"https:\/\/www.europesays.com\/ee\/wp-json\/wp\/v2\/tags?post=221925"}],"curies":[{"name":"wp","href":"https:\/\/api.w.org\/{rel}","templated":true}]}}