{"id":222033,"date":"2026-07-06T15:11:09","date_gmt":"2026-07-06T15:11:09","guid":{"rendered":"https:\/\/www.europesays.com\/ee\/222033\/"},"modified":"2026-07-06T15:11:09","modified_gmt":"2026-07-06T15:11:09","slug":"fotod-ettevotja-raivo-hein-ja-naitleja-jan-uuspold-ullatasid-poorase-suudlusega-tundub-et-see-on-rohkem-furoori-tekitanud-kui-keskmine-borsikrahh","status":"publish","type":"post","link":"https:\/\/www.europesays.com\/ee\/222033\/","title":{"rendered":"FOTOD | Ettev\u00f5tja Raivo Hein ja n\u00e4itleja Jan Uusp\u00f5ld \u00fcllatasid p\u00f6\u00f6rase suudlusega. \u201eTundub, et see on rohkem furoori tekitanud kui keskmine b\u00f6rsikrahh\u201c"},"content":{"rendered":"<p>Katarina jagas juulikuu alguses eksklusiivseid taustakaadreid Kaigu talus toimuvatest v\u00f5tetest. \u00dches videos on n\u00e4ha stseeni, kus Hein (59) kurameerib oma kallima Uusp\u00f5lluga (52), kuniks sekkub Heina tuttav ja uurib: \u201eMida sa teed?\u201c Hein tutvustab tuttavale oma elukaaslast Jani, mille peale too k\u00fcsib, kus Marilin on. Tekib segadus ja Uusp\u00f5ld k\u00fcsib Heinalt: \u201eMis Marilin, Raivo, sa oled mulle midagi r\u00e4\u00e4kimata j\u00e4tnud!?\u201c<\/p>\n<p><img decoding=\"async\" src=\"https:\/\/www.europesays.com\/ee\/wp-content\/uploads\/2026\/07\/2e768b7b-2483-43ab-aac4-2913a26881de.jpg\" loading=\"lazy\" alt=\"Raivo Heina ja Jan Uusp\u00f5llu suudlusstseen\"\/><\/p>\n<p>Humoorikas videoklipp l\u00f5ppeb sellega, kuidas tuttav l\u00f6\u00f6b Uusp\u00f5ldu nii tugevalt, et tema prillid lendavad l\u00f6\u00f6gi tagaj\u00e4rjel peast.<\/p>\n<p><img decoding=\"async\" src=\"https:\/\/www.europesays.com\/ee\/wp-content\/uploads\/2026\/07\/e75f9c67-a01c-4ddd-8846-1cf735f77a07.jpg\" loading=\"lazy\" alt=\"Filmistseen\"\/><\/p>\n<p>\u201eTundub, et meie \u201esuudlusstseen\u201c on rohkem furoori tekitanud kui keskmine b\u00f6rsikrahh v\u00f5i maksumuudatus kokku. Tegemist on noore filmitalendi Urmet Pilingu l\u00fchiulmega \u201eInfinitaarium\u201c, mis peaks novembris avalikkuse ette j\u00f5udma. Seal m\u00e4ngib Jan Uusp\u00f5ld minu kallimat, mitte vastupidi,\u201c kommenteerib Hein <a rel=\"noopener follow nofollow\" target=\"_blank\" href=\"https:\/\/www.ohtuleht.ee\/melu\/1161602\/raivo-hein-suudlusstseenist-jan-uuspolluga-tundub-et-see-on-rohkem-furoori-tekitanud-kui-keskmine-borsikrahh\" data-rel-date-range=\"[]\">\u00d5htulehele<\/a> ning r\u00f5hutab, et ta on j\u00e4tkuvalt sulnis abielumees.<\/p>\n<p>Kuidas see lugu Sind end tundma pani? Saada <a href=\"https:\/\/kroonika.delfi.ee\/artikkel\/120595313\/fotod-ettevotja-raivo-hein-ja-naitleja-jan-uuspold-ullatasid-poorase-suudlusega-tundub-et-see-on-rohkem-furoori-tekitanud-kui-keskmine-borsikrahh\/kommentaarid\" class=\"article-body-bottom__comment article-body-bottom__comment--write button button--primary button--size-auto\" rel=\"nofollow noopener\" target=\"_blank\"> Kommenteeri <\/a><a href=\"https:\/\/kroonika.delfi.ee\/artikkel\/120595313\/fotod-ettevotja-raivo-hein-ja-naitleja-jan-uuspold-ullatasid-poorase-suudlusega-tundub-et-see-on-rohkem-furoori-tekitanud-kui-keskmine-borsikrahh\/kommentaarid\" class=\"article-body-bottom__comment article-body-bottom__comment--read button button--size-auto\" rel=\"nofollow noopener\" target=\"_blank\"> Loe kommentaare (65)<\/a><\/p>\n","protected":false},"excerpt":{"rendered":"Katarina jagas juulikuu alguses eksklusiivseid taustakaadreid Kaigu talus toimuvatest v\u00f5tetest. \u00dches videos on n\u00e4ha stseeni, kus Hein (59)&hellip;\n","protected":false},"author":2,"featured_media":222034,"comment_status":"","ping_status":"","sticky":false,"template":"","format":"standard","meta":{"footnotes":"","_share_on_mastodon":"0"},"categories":[91],"tags":[240,37,33,35,173,34,36,7691,241,140,44927],"class_list":["post-222033","post","type-post","status-publish","format-standard","has-post-thumbnail","category-kuulsused","tag-celebrities","tag-ee","tag-eesti","tag-eesti-keel","tag-entertainment","tag-estonia","tag-estonian","tag-jan-uuspold","tag-kuulsused","tag-meelelahutus","tag-raivo-hein"],"share_on_mastodon":{"url":"","error":""},"_links":{"self":[{"href":"https:\/\/www.europesays.com\/ee\/wp-json\/wp\/v2\/posts\/222033","targetHints":{"allow":["GET"]}}],"collection":[{"href":"https:\/\/www.europesays.com\/ee\/wp-json\/wp\/v2\/posts"}],"about":[{"href":"https:\/\/www.europesays.com\/ee\/wp-json\/wp\/v2\/types\/post"}],"author":[{"embeddable":true,"href":"https:\/\/www.europesays.com\/ee\/wp-json\/wp\/v2\/users\/2"}],"replies":[{"embeddable":true,"href":"https:\/\/www.europesays.com\/ee\/wp-json\/wp\/v2\/comments?post=222033"}],"version-history":[{"count":0,"href":"https:\/\/www.europesays.com\/ee\/wp-json\/wp\/v2\/posts\/222033\/revisions"}],"wp:featuredmedia":[{"embeddable":true,"href":"https:\/\/www.europesays.com\/ee\/wp-json\/wp\/v2\/media\/222034"}],"wp:attachment":[{"href":"https:\/\/www.europesays.com\/ee\/wp-json\/wp\/v2\/media?parent=222033"}],"wp:term":[{"taxonomy":"category","embeddable":true,"href":"https:\/\/www.europesays.com\/ee\/wp-json\/wp\/v2\/categories?post=222033"},{"taxonomy":"post_tag","embeddable":true,"href":"https:\/\/www.europesays.com\/ee\/wp-json\/wp\/v2\/tags?post=222033"}],"curies":[{"name":"wp","href":"https:\/\/api.w.org\/{rel}","templated":true}]}}