{"id":222035,"date":"2026-07-06T15:16:10","date_gmt":"2026-07-06T15:16:10","guid":{"rendered":"https:\/\/www.europesays.com\/ee\/222035\/"},"modified":"2026-07-06T15:16:10","modified_gmt":"2026-07-06T15:16:10","slug":"seedrioru-lastelaagri-70-da-tegevusaasta-suvehooaeg-algas","status":"publish","type":"post","link":"https:\/\/www.europesays.com\/ee\/222035\/","title":{"rendered":"Seedrioru lastelaagri 70-da tegevusaasta suvehooaeg algas"},"content":{"rendered":"<p>\nSeedrioru laste suvekodu on taas suvehooaja tegevuses. K\u00e4esoleval aastal on Seedriorul oluline juubeliaasta, kuna lastelaager t\u00e4histab 70. aastap\u00e4eva. <\/p>\n<p>Suvekodu tegevusaasta algas suvesoojal p\u00fchap\u00e4eval, 5. juulil. Nagu eelmistel aastatel, kestab laager ka seekord neli n\u00e4dalat. Seedrioru juhatuse laagri koordinaatorid, Tom Rebane ja Michelle Jones tutvustasid endid, tervitasid k\u00fclalisi ja t\u00e4nasid laagritegevuse toetajaid. Sellele j\u00e4rgnes s\u00f5nav\u00f5tt selle aasta Seedrioru laagri juhatajalt, Kadri N\u00f5mmik-Munro\u2019lt, kes tervitas kasvandikke ja tutvustas  kasvatajaid, laagrit\u00f6\u00f6lisi ja laagri abilisi. <\/p>\n<p>Traditsioonilise lipuheiskamisele (lauluga \u201cKaunistagem Eesti kojad&#8230;\u201d) l\u00e4ks laagripere peamajja, kus lapsed ja k\u00fclalised said nautida esimest suvelaagri l\u00f5unas\u00f6\u00f6ki. Eriti silmapaistev oli laagrilaste suur osav\u00f5tt:  laagri esimesel n\u00e4dalal on registreeritud rohkem kui 65 last, sealhulgas 14 mudilast; sellega saab optimistlikult n\u00e4ha meie rahvusgrupi tuleviku kasvu.<\/p>\n<p>Selle aasta laagri esimesel n\u00e4dalal on rohkearvuliselt kasvatajad, t\u00f6\u00f6lisi ja abilisi:<br \/>Laagri juhataja \u2013 Kadri N\u00f5mmik-Munro<br \/>Laagri abijuhataja \u2013 H\u00e4li Puust<br \/>Laagri korraldaja \u2013 Michelle Jones<br \/>Seedrioru juhatuse esimees \u2013 Toomas Rebane<\/p>\n<p>Kasvatajad:<br \/>V\u00e4iksed t\u00fcdrukud \u2013 Lola Hopp, Halle Ross<br \/>V\u00e4iksed poisid &#8212;  Matthew Aljas, Dallas Petraska<br \/>Keskmised  t\u00fcdrukud \u2013 Roosi Pehlak<br \/>Keskmised poisid \u2013 Joosep Kiik<br \/>Suured  t\u00fcdrukud \u2013 Kylee Lisowski<br \/>Suured poisid:  Rein Vickery<br \/>Mudilased:  Anneli Thomson, Tormi Tuk, Kairi West, Margi Chester<\/p>\n<p>Advertisement \/ Reklaam<\/p>\n<p>Advertisement \/ Reklaam<\/p>\n<p>\tPeavetelp\u00e4\u00e4stja \u2013 Kaleb  P\u00fcgi<br \/>Vetelp\u00e4\u00e4stjad \u2013 Hailey Shire, K\u00e4lla Puust<br \/>Vetelp\u00e4\u00e4stjad\/abi-kasvatajad \u2013 Tanner Puust, Isabella Sepa<br \/>Abi-kasvatajad \u2013 Reimo Liimand, Raoul Celeborn<\/p>\n<p>Eesti keel, k\u00e4sit\u00f6\u00f6, pickleball \u2013 Mai Rebane<\/p>\n<p>Kava \u2013 Linda Kazakoff<\/p>\n<p>K\u00f6\u00f6k \u2013 Linda Paluveer (peakokk), Allan Pertens, Helga del Castillo, Markus Aljas, Laine N\u00f5mmik, Dylan Vickery (k\u00f6\u00f6gi- ja saunapoiss)<\/p>\n<p>Selle aasta laager kestab 4 n\u00e4dalat (5. juulist kuni 1. augustini). Laagrin\u00e4dalate teemad annavad lastele erinevaid kogemusi:<br \/>1. n\u00e4dal (5-11 juuli):  Elluj\u00e4\u00e4jam\u00e4ngud (Survivor games)<br \/>2. n\u00e4dal (12-18 juuli):  Elluj\u00e4\u00e4misoskused (Survivor skills)<br \/>3. n\u00e4dal (19-25 juuli):  Seedrioru 70  &#8211; kunst, sport ja rohkem<br \/>4. n\u00e4dal (26 juuli &#8211; 1. august):  Traditsioonilised Seedrioru laagri tegevused<\/p>\n<p>Laup\u00e4eval, 11. juulil alates kell 19:00 toimub traditsiooniline maskeraadi pidu, kuhu on kutsutud ka k\u00fclalisi. K\u00fclalised on ka kutsutud laagri suurl\u00f5kke peole (laup\u00e4eval 18. juulil) ja Seedrioru laagri 70. aastap\u00e4eva valguspeole (laup\u00e4eval 25. juulil). Perekonna k\u00fclastusp\u00e4evad ja n\u00e4dalate registreerimine toimub p\u00fchap\u00e4eva hommikutel laagri ajal juulikuus.<\/p>\n<p>Registreerimislehti ja muud infot on leida Seedrioru veebilehel: <a href=\"http:\/\/www.seedrioru.com\" title=\"www.seedrioru.com\" target=\"_blank\" rel=\"nofollow noopener\">www.seedrioru.com<\/a>, v\u00f5i Facebookil:  Seedrioru Estonian Summer Camp.<\/p>\n<p>Soovime edu ja energiat laagri lastele ja ka kasvatajatele ja abilistele! <br \/>Fotod:  Martin Kiik  <\/p>\n<p>Advertisement \/ Reklaam<\/p>\n<p>Advertisement \/ Reklaam<\/p>\n","protected":false},"excerpt":{"rendered":"Seedrioru laste suvekodu on taas suvehooaja tegevuses. K\u00e4esoleval aastal on Seedriorul oluline juubeliaasta, kuna lastelaager t\u00e4histab 70. aastap\u00e4eva.&hellip;\n","protected":false},"author":2,"featured_media":222036,"comment_status":"","ping_status":"","sticky":false,"template":"","format":"standard","meta":{"footnotes":"","_share_on_mastodon":"0"},"categories":[16],"tags":[4362,37,33,4358,35,4360,173,34,36,4359,4364,4357,1554,140,20,4361,4363],"class_list":["post-222035","post","type-post","status-publish","format-standard","has-post-thumbnail","category-meelelahutus","tag-ajaleht","tag-ee","tag-eesti","tag-eesti-elu","tag-eesti-keel","tag-eestielu","tag-entertainment","tag-estonia","tag-estonian","tag-estonian-life","tag-estonian-media","tag-estonian-world-review","tag-kanada","tag-meelelahutus","tag-uudised","tag-valiseesti","tag-valiseestlased"],"share_on_mastodon":{"url":"https:\/\/pubeurope.com\/@ee\/116873696932513135","error":""},"_links":{"self":[{"href":"https:\/\/www.europesays.com\/ee\/wp-json\/wp\/v2\/posts\/222035","targetHints":{"allow":["GET"]}}],"collection":[{"href":"https:\/\/www.europesays.com\/ee\/wp-json\/wp\/v2\/posts"}],"about":[{"href":"https:\/\/www.europesays.com\/ee\/wp-json\/wp\/v2\/types\/post"}],"author":[{"embeddable":true,"href":"https:\/\/www.europesays.com\/ee\/wp-json\/wp\/v2\/users\/2"}],"replies":[{"embeddable":true,"href":"https:\/\/www.europesays.com\/ee\/wp-json\/wp\/v2\/comments?post=222035"}],"version-history":[{"count":0,"href":"https:\/\/www.europesays.com\/ee\/wp-json\/wp\/v2\/posts\/222035\/revisions"}],"wp:featuredmedia":[{"embeddable":true,"href":"https:\/\/www.europesays.com\/ee\/wp-json\/wp\/v2\/media\/222036"}],"wp:attachment":[{"href":"https:\/\/www.europesays.com\/ee\/wp-json\/wp\/v2\/media?parent=222035"}],"wp:term":[{"taxonomy":"category","embeddable":true,"href":"https:\/\/www.europesays.com\/ee\/wp-json\/wp\/v2\/categories?post=222035"},{"taxonomy":"post_tag","embeddable":true,"href":"https:\/\/www.europesays.com\/ee\/wp-json\/wp\/v2\/tags?post=222035"}],"curies":[{"name":"wp","href":"https:\/\/api.w.org\/{rel}","templated":true}]}}