{"id":222041,"date":"2026-07-06T15:20:27","date_gmt":"2026-07-06T15:20:27","guid":{"rendered":"https:\/\/www.europesays.com\/ee\/222041\/"},"modified":"2026-07-06T15:20:27","modified_gmt":"2026-07-06T15:20:27","slug":"keskkonnaameti-peadirektoriks-valiti-tagasi-rainer-vakra","status":"publish","type":"post","link":"https:\/\/www.europesays.com\/ee\/222041\/","title":{"rendered":"Keskkonnaameti peadirektoriks valiti tagasi Rainer Vakra"},"content":{"rendered":"<p>\u201eRainer Vakra on end t\u00f5estanud v\u00f5imeka juhina, kelle eestvedamisel on Keskkonnaamet keskkonnakaitset korraldanud t\u00f5husalt ja kliendikesksemalt,\u201c lausus Sutt.<\/p>\n<p>Tema ootus on Vakrale, et keskkonnaamet  on esmaj\u00e4rjekorras partner ja n\u00f5uandja nii eraisikutele kui ka ettev\u00f5tetele. \u201eValitsuse eesm\u00e4rk on kujundada \u00fcmber keskkonnalubade s\u00fcsteem, et ettev\u00f5tted saaksid tegevuse alustamiseks vajalikud load kiiresti, neile selgetel alustel ja v\u00e4iksema halduskoormusega. Sellesse reformi panustamine saab olema Raineri esmane \u00fclesanne teisel ametiajal,\u201c s\u00f5nas ta<\/p>\n<p>Peadirektori \u00fclesandeks on ka j\u00e4tkata keskkonnaameti kujundamist kliendikeskseks, teenus-, v\u00e4\u00e4rtus- ja teadmusp\u00f5hiseks avatud organisatsiooniks.  \u201eSelleks et oleksime keskkonna hoidmisel t\u00f5husad, korraldame looduskaitset koost\u00f6\u00f6s maaomanike ja kogukondadega,\u201c \u00fctles Rainer Vakra. \u201eJ\u00e4relevalves keskendume probleemide ennetamisele ja lahendamisele, mitte pelgalt karistamisele.\u201c<\/p>\n<p>Rainer Vakra on keskkonnaameti peadirektor alates 2022. aastast. Tal on pikaajaline juhtimiskogemus nii avalikus kui ka erasektoris ning p\u00f5hjalikud teadmised keskkonna- ja avaliku halduse valdkonnast. Varem on ta olnud AS-i Tallinna Soojus juhatuse esimees, Tallinna N\u00f5mme linnaosa vanem ning XII ja XIII riigikogu liige, sealhulgas riigikogu keskkonnakomisjoni esimees. Vakral on Tallinna \u00fclikoolist magistrikraad kommunikatsioonis ning ta on omandanud samas \u00fclikoolis k\u00f5rghariduse keskkonnakorralduse erialal. <\/p>\n<p>Vakra teine ametiaeg keskkonnaameti peadirektorina algab 2027. aastast ja kestab viis aastat. <\/p>\n<p>Kuus kandidaati<\/p>\n<p>Kevadel korraldas riigikantselei ametikohale avaliku konkursi. Mais esitas oma dokumendid kuus kandidaati, kellest neli kutsus tippjuhtide valiku komisjon eelvestlusele, nende hulgas ka Rainer Vakra.<\/p>\n<p>Viimati toimus keskkonnaameti peadirektori konkurss 2021. aastal. Siis n\u00f5uti kandidaadilt v\u00e4hemalt kolme aasta pikkust organisatsiooni v\u00f5i struktuuri\u00fcksuse juhtimise kogemust. Seekord n\u00f5utakse aga viie aasta pikkust kogemust ainult organisatsiooni juhtimisel. Teiseks \u2013 2021. aastal oodati inglise keele oskust v\u00e4hemalt B2 tasemel, seekord C1 tasemel.<\/p>\n<p>Kuidas see lugu Sind end tundma pani? Saada <a href=\"https:\/\/www.delfi.ee\/artikkel\/120595258\/keskkonnaameti-peadirektoriks-valiti-tagasi-rainer-vakra\/kommentaarid\" class=\"article-body-bottom__comment article-body-bottom__comment--write button button--primary button--size-auto\" rel=\"nofollow noopener\" target=\"_blank\"> Kommenteeri <\/a><a href=\"https:\/\/www.delfi.ee\/artikkel\/120595258\/keskkonnaameti-peadirektoriks-valiti-tagasi-rainer-vakra\/kommentaarid\" class=\"article-body-bottom__comment article-body-bottom__comment--read button button--size-auto\" rel=\"nofollow noopener\" target=\"_blank\"> Loe kommentaare (16)<\/a><\/p>\n","protected":false},"excerpt":{"rendered":"\u201eRainer Vakra on end t\u00f5estanud v\u00f5imeka juhina, kelle eestvedamisel on Keskkonnaamet keskkonnakaitset korraldanud t\u00f5husalt ja kliendikesksemalt,\u201c lausus Sutt.&hellip;\n","protected":false},"author":2,"featured_media":222042,"comment_status":"","ping_status":"","sticky":false,"template":"","format":"standard","meta":{"footnotes":"","_share_on_mastodon":"0"},"categories":[12],"tags":[2338,90523,26,27,37,33,35,34,36,31,32,21,1452,28,29,19,35731,25,10880,6750,23,24,22,20,30],"class_list":["post-222041","post","type-post","status-publish","format-standard","has-post-thumbnail","category-eesti","tag-andres-sutt","tag-avalik-konkurss","tag-breaking-news","tag-breakingnews","tag-ee","tag-eesti","tag-eesti-keel","tag-estonia","tag-estonian","tag-featured-news","tag-featurednews","tag-headlines","tag-keskkonnaamet","tag-latest-news","tag-latestnews","tag-news","tag-peadirektor","tag-populaarseimad-lood","tag-rainer-vakra","tag-riigikantselei","tag-top-stories","tag-topstories","tag-uldised-uudised","tag-uudised","tag-viimased-uudised"],"share_on_mastodon":{"url":"https:\/\/pubeurope.com\/@ee\/116873712334873033","error":""},"_links":{"self":[{"href":"https:\/\/www.europesays.com\/ee\/wp-json\/wp\/v2\/posts\/222041","targetHints":{"allow":["GET"]}}],"collection":[{"href":"https:\/\/www.europesays.com\/ee\/wp-json\/wp\/v2\/posts"}],"about":[{"href":"https:\/\/www.europesays.com\/ee\/wp-json\/wp\/v2\/types\/post"}],"author":[{"embeddable":true,"href":"https:\/\/www.europesays.com\/ee\/wp-json\/wp\/v2\/users\/2"}],"replies":[{"embeddable":true,"href":"https:\/\/www.europesays.com\/ee\/wp-json\/wp\/v2\/comments?post=222041"}],"version-history":[{"count":0,"href":"https:\/\/www.europesays.com\/ee\/wp-json\/wp\/v2\/posts\/222041\/revisions"}],"wp:featuredmedia":[{"embeddable":true,"href":"https:\/\/www.europesays.com\/ee\/wp-json\/wp\/v2\/media\/222042"}],"wp:attachment":[{"href":"https:\/\/www.europesays.com\/ee\/wp-json\/wp\/v2\/media?parent=222041"}],"wp:term":[{"taxonomy":"category","embeddable":true,"href":"https:\/\/www.europesays.com\/ee\/wp-json\/wp\/v2\/categories?post=222041"},{"taxonomy":"post_tag","embeddable":true,"href":"https:\/\/www.europesays.com\/ee\/wp-json\/wp\/v2\/tags?post=222041"}],"curies":[{"name":"wp","href":"https:\/\/api.w.org\/{rel}","templated":true}]}}