{"id":222118,"date":"2026-07-06T17:08:17","date_gmt":"2026-07-06T17:08:17","guid":{"rendered":"https:\/\/www.europesays.com\/ee\/222118\/"},"modified":"2026-07-06T17:08:17","modified_gmt":"2026-07-06T17:08:17","slug":"neymar-tombas-koondisekarjaarile-joone-alla-siin-ma-alustasin-siin-ma-lopetan-soccernet-ee","status":"publish","type":"post","link":"https:\/\/www.europesays.com\/ee\/222118\/","title":{"rendered":"Neymar t\u00f5mbas koondisekarj\u00e4\u00e4rile joone alla: siin ma alustasin, siin ma l\u00f5petan &#8211; Soccernet.ee"},"content":{"rendered":"<p><img decoding=\"async\" src=\"https:\/\/www.europesays.com\/ee\/wp-content\/uploads\/2026\/07\/1781600381.jpg\" alt=\"Neymar on Brasiilia k\u00f5igi aegade suurim v\u00e4ravak\u00fctt. Foto: Scanpix \/ Pedro Paulo Diaz \/ TheNEWS2 \/ Zuma Press\"\/>&#13;\n<\/p>\n<p>Brasiilia t\u00e4ht Neymar teatas p\u00e4rast MM-i kaheksandikfinaalis Norrale kaotamist, et tema koondisekarj\u00e4\u00e4r on l\u00e4bi.<\/p>\n<p>Vigastusega v\u00f5ideldes sel turniiril vaid kahes kohtumises platsil k\u00e4inud 34-aastane r\u00fcndaja sai alagrupis \u0160otimaa vastu kirja 14 minutit ning sekkus kaheksandikfinaalis Norra vastu m\u00e4ngu 67. minutil. L\u00f5puminutitel, kui Norra oli juba 2:0 ees, teenis ta esmalt ebavajaliku vea eest kollase kaardi ning realiseeris seej\u00e4rel ka penalti, kuid see enam Brasiiliat ei p\u00e4\u00e4stnud.&#13;\n<\/p>\n<p>&#8220;Ma \u00fcritasin, t\u00f5esti \u00fcritasin. N\u00fc\u00fcd on k\u00f5ik. Siin ma alustasin, siin ma l\u00f5petan,&#8221; lausus Neymar intervjuus kodumaa telekanalile TV Globo. Ta deb\u00fcteeris 2010. aasta augustis Brasiilia s\u00e4rgis samuti New Jersey&#8217;s asuval MetLife&#8217;i staadionil, l\u00fc\u00fces USA vastu v\u00f5idetud maav\u00f5istluses kohe ka v\u00e4rava. Tema arvel on Brasiilia koondise k\u00f5igi aegade parima v\u00e4ravak\u00fctina 80 tabamust, m\u00e4ngude arvult on ta 130 kohtumisega legendaarse Cafu j\u00e4rel teisel kohal.&#13;\n<\/p>\n<p>Enne t\u00e4navust MM-i k\u00e4is Neymar Brasiilia eest aga viimati v\u00e4ljakule 2023. aastal. Viimastel hooaegadel on teda kiusanud pidevad vigastused &#8211; esmalt l\u00f5hkus ta 2023. aasta s\u00fcgisel koondist esindades p\u00f5lve ristatisideme ja meniski, 2024. aastal vigastas aga toonase koduklubi Al-Hilali eest m\u00e4ngides reielihast.<\/p>\n<p>L\u00f5puks j\u00e4i tema arvele Saudi Araabia klubi eest kahe hooajaga vaid seitse m\u00e4ngu, \u00fcks v\u00e4rav ja kolm v\u00e4ravas\u00f6\u00f6tu. 90 miljoni euro suuruse \u00fcleminekutasu ja 150 miljoni euro suuruse aastapalga juures hinnati tema liitumist Al-Hilali ajaloo k\u00f5ige eba\u00f5nnestunumaks \u00fcleminekuks.&#13;\n<\/p>\n<p>Koondist neljandal MM-finaalturniiril esindanud Neymar sai t\u00e4navuseks MM-iks kutse maikuus, ent vigastas seej\u00e4rel reielihast ja pidi paar n\u00e4dalat jalga ravima. Lisaks talle on brasiillastest neljal MM-il kaasa l\u00f6\u00f6nud veel vaid Pele, Cafu ja Djalma Santos.&#13;\n<\/p>\n<blockquote class=\"twitter-tweet\"><p>&#13;<\/p>\n<p lang=\"es\" dir=\"ltr\">\ud83c\udfc6\ud83d\udc4b&#8221;Otra Copa del Mundo PERDIDA&#8221;<\/p>\n<p>\ud83d\udd1fNeymar Jr, en la zona mixta, tras caer en octavos contra Noruega por 2-1<\/p>\n<p>\ud83d\ude22&#8221;Sensaci\u00f3n de tristeza&#8221;<\/p>\n<p>\ud83d\udcf9<a href=\"https:\/\/x.com\/lucasgarper?ref_src=twsrc%5Etfw\" rel=\"nofollow\">@lucasgarper<\/a> <a href=\"https:\/\/x.com\/hashtag\/MundialRTVE?src=hash&amp;ref_src=twsrc%5Etfw\" rel=\"nofollow\">#MundialRTVE<\/a> <a href=\"https:\/\/x.com\/hashtag\/FIFAWorldCup?src=hash&amp;ref_src=twsrc%5Etfw\" rel=\"nofollow\">#FIFAWorldCup<\/a> <a href=\"https:\/\/x.com\/hashtag\/CopaMundialFIFA?src=hash&amp;ref_src=twsrc%5Etfw\" rel=\"nofollow\">#CopaMundialFIFA<\/a> <a href=\"https:\/\/t.co\/RucwROm21C\" rel=\"nofollow\">pic.twitter.com\/RucwROm21C<\/a>&#13;<br \/>\n\u2014 RNE Deportes (@RNEdeportes) <a href=\"https:\/\/x.com\/RNEdeportes\/status\/2073925032766493075?ref_src=twsrc%5Etfw\" rel=\"nofollow\">July 6, 2026<\/a><\/p>\n<\/blockquote>\n<p>                      <script async src=\"https:\/\/platform.twitter.com\/widgets.js\" charset=\"utf-8\"><\/script><\/p>\n","protected":false},"excerpt":{"rendered":"&#13; Brasiilia t\u00e4ht Neymar teatas p\u00e4rast MM-i kaheksandikfinaalis Norrale kaotamist, et tema koondisekarj\u00e4\u00e4r on l\u00e4bi. Vigastusega v\u00f5ideldes sel&hellip;\n","protected":false},"author":2,"featured_media":222119,"comment_status":"","ping_status":"","sticky":false,"template":"","format":"standard","meta":{"footnotes":"","_share_on_mastodon":"0"},"categories":[18],"tags":[540,37,33,35,34,36,6890,29565,159,158],"class_list":["post-222118","post","type-post","status-publish","format-standard","has-post-thumbnail","category-sport","tag-brasiilia","tag-ee","tag-eesti","tag-eesti-keel","tag-estonia","tag-estonian","tag-mm2026","tag-neymar","tag-sport","tag-sports"],"share_on_mastodon":{"url":"https:\/\/pubeurope.com\/@ee\/116874137142617368","error":""},"_links":{"self":[{"href":"https:\/\/www.europesays.com\/ee\/wp-json\/wp\/v2\/posts\/222118","targetHints":{"allow":["GET"]}}],"collection":[{"href":"https:\/\/www.europesays.com\/ee\/wp-json\/wp\/v2\/posts"}],"about":[{"href":"https:\/\/www.europesays.com\/ee\/wp-json\/wp\/v2\/types\/post"}],"author":[{"embeddable":true,"href":"https:\/\/www.europesays.com\/ee\/wp-json\/wp\/v2\/users\/2"}],"replies":[{"embeddable":true,"href":"https:\/\/www.europesays.com\/ee\/wp-json\/wp\/v2\/comments?post=222118"}],"version-history":[{"count":0,"href":"https:\/\/www.europesays.com\/ee\/wp-json\/wp\/v2\/posts\/222118\/revisions"}],"wp:featuredmedia":[{"embeddable":true,"href":"https:\/\/www.europesays.com\/ee\/wp-json\/wp\/v2\/media\/222119"}],"wp:attachment":[{"href":"https:\/\/www.europesays.com\/ee\/wp-json\/wp\/v2\/media?parent=222118"}],"wp:term":[{"taxonomy":"category","embeddable":true,"href":"https:\/\/www.europesays.com\/ee\/wp-json\/wp\/v2\/categories?post=222118"},{"taxonomy":"post_tag","embeddable":true,"href":"https:\/\/www.europesays.com\/ee\/wp-json\/wp\/v2\/tags?post=222118"}],"curies":[{"name":"wp","href":"https:\/\/api.w.org\/{rel}","templated":true}]}}