{"id":222125,"date":"2026-07-06T17:18:10","date_gmt":"2026-07-06T17:18:10","guid":{"rendered":"https:\/\/www.europesays.com\/ee\/222125\/"},"modified":"2026-07-06T17:18:10","modified_gmt":"2026-07-06T17:18:10","slug":"mis-juhtus-madonna-jattis-viimasel-hetkel-londoni-prideil-esinemise-ara","status":"publish","type":"post","link":"https:\/\/www.europesays.com\/ee\/222125\/","title":{"rendered":"Mis juhtus? Madonna j\u00e4ttis viimasel hetkel Londoni Pride\u2019il esinemise \u00e4ra"},"content":{"rendered":"<p>Madonna (67) pidi v\u00e4idetavalt \u00fcles astuma Londoni Pride\u2019i pea\u00fcritusel Trafalgari v\u00e4ljakul, kus ta oleks liitunud laval lauljate Beth Ditto ja MNEKiga. \u00dcritusele oodati hinnanguliselt rohkem kui 1,5 miljonit inimest. <\/p>\n<p>V\u00e4lismeedia teatel otsustas lauljatari meeskond siiski viimasel hetkel esinemisest loobuda. \u00dche allika s\u00f5nul oli Madonna soovinud Pride\u2019il osaleda, sest on aastaid olnud LGBTQ+ kogukonna toetaja, kuid turvakaalutlused said siiski m\u00e4\u00e4ravaks.<\/p>\n<p>\u201eMadonna oli v\u00e4ga elevil, et \u00fcritusel osaleda, sest ta on LGBTQ+ \u00f5iguste suur toetaja. Kuid tema meeskond otsustas viimasel hetkel, et ta j\u00e4tab esinemise \u00e4ra, kuna kardeti, et tema ilmumine v\u00f5ib tohutu rahvahulga t\u00f5ttu h\u00e4sti korraldatud \u00fcritusel p\u00f5hjustada t\u00e4ieliku kaose,\u201c r\u00e4\u00e4kis allikas The Sunile.<\/p>\n<p>Londoni Pride\u2019i korraldajad reageerisid kiiresti levima hakanud kuulujuttudele ning teatasid sotsiaalmeedias: \u201eVastuseks levivatele kuulujuttudele kinnitame, et Madonna ei ilmu ega esine London Pride\u2019i \u00fcritusel.\u201c<\/p>\n<p>T\u00e4navusel Londoni Pride\u2019il marssis korraldajate andmetel ligi 35 000 inimest. Rongk\u00e4ik kulges Hyde Park Cornerist Whitehalli ning osalejad kandsid rohkelt vikerkaarelippe.<\/p>\n<p>Alles m\u00f5ni p\u00e4ev enne Pride\u2019i oli Madonna \u00fcllatanud f\u00e4nne v\u00e4ikese kontserdiga Ida-Londonis asuvas klubis Magazine, kus ta esitles koos produtsent Stuart Price\u2019iga oma uut albumit \u201eConfessions II\u201c. \u00dcrituselt avaldatud videotes on n\u00e4ha, kuidas lauljatar liitus Price\u2019iga DJ puldis, laulis kaasa ning suhtles publikuga. Samuti viibis DJ puldis tema t\u00fctar Lourdes Leon.<\/p>\n<p>Kuidas see lugu Sind end tundma pani? Saada <a href=\"https:\/\/kroonika.delfi.ee\/artikkel\/120595388\/mis-juhtus-madonna-jattis-viimasel-hetkel-londoni-pride-il-esinemise-ara\/kommentaarid\" class=\"article-body-bottom__comment article-body-bottom__comment--write button button--primary button--size-auto\" rel=\"nofollow noopener\" target=\"_blank\"> Kommenteeri <\/a><a href=\"https:\/\/kroonika.delfi.ee\/artikkel\/120595388\/mis-juhtus-madonna-jattis-viimasel-hetkel-londoni-pride-il-esinemise-ara\/kommentaarid\" class=\"article-body-bottom__comment article-body-bottom__comment--read button button--size-auto\" rel=\"nofollow noopener\" target=\"_blank\"> Loe kommentaare <\/a><\/p>\n","protected":false},"excerpt":{"rendered":"Madonna (67) pidi v\u00e4idetavalt \u00fcles astuma Londoni Pride\u2019i pea\u00fcritusel Trafalgari v\u00e4ljakul, kus ta oleks liitunud laval lauljate Beth&hellip;\n","protected":false},"author":2,"featured_media":222126,"comment_status":"","ping_status":"","sticky":false,"template":"","format":"standard","meta":{"footnotes":"","_share_on_mastodon":"0"},"categories":[16],"tags":[37,33,35,173,34,36,7714,140],"class_list":["post-222125","post","type-post","status-publish","format-standard","has-post-thumbnail","category-meelelahutus","tag-ee","tag-eesti","tag-eesti-keel","tag-entertainment","tag-estonia","tag-estonian","tag-madonna","tag-meelelahutus"],"share_on_mastodon":{"url":"https:\/\/pubeurope.com\/@ee\/116874176406916825","error":""},"_links":{"self":[{"href":"https:\/\/www.europesays.com\/ee\/wp-json\/wp\/v2\/posts\/222125","targetHints":{"allow":["GET"]}}],"collection":[{"href":"https:\/\/www.europesays.com\/ee\/wp-json\/wp\/v2\/posts"}],"about":[{"href":"https:\/\/www.europesays.com\/ee\/wp-json\/wp\/v2\/types\/post"}],"author":[{"embeddable":true,"href":"https:\/\/www.europesays.com\/ee\/wp-json\/wp\/v2\/users\/2"}],"replies":[{"embeddable":true,"href":"https:\/\/www.europesays.com\/ee\/wp-json\/wp\/v2\/comments?post=222125"}],"version-history":[{"count":0,"href":"https:\/\/www.europesays.com\/ee\/wp-json\/wp\/v2\/posts\/222125\/revisions"}],"wp:featuredmedia":[{"embeddable":true,"href":"https:\/\/www.europesays.com\/ee\/wp-json\/wp\/v2\/media\/222126"}],"wp:attachment":[{"href":"https:\/\/www.europesays.com\/ee\/wp-json\/wp\/v2\/media?parent=222125"}],"wp:term":[{"taxonomy":"category","embeddable":true,"href":"https:\/\/www.europesays.com\/ee\/wp-json\/wp\/v2\/categories?post=222125"},{"taxonomy":"post_tag","embeddable":true,"href":"https:\/\/www.europesays.com\/ee\/wp-json\/wp\/v2\/tags?post=222125"}],"curies":[{"name":"wp","href":"https:\/\/api.w.org\/{rel}","templated":true}]}}