{"id":222236,"date":"2026-07-06T20:58:27","date_gmt":"2026-07-06T20:58:27","guid":{"rendered":"https:\/\/www.europesays.com\/ee\/222236\/"},"modified":"2026-07-06T20:58:27","modified_gmt":"2026-07-06T20:58:27","slug":"vaata-uuesti-lennud-lavakunstikooli-xxxii-lend-teater","status":"publish","type":"post","link":"https:\/\/www.europesays.com\/ee\/222236\/","title":{"rendered":"Vaata uuesti: &#8220;Lennud. Lavakunstikooli XXXII lend&#8221; | Teater"},"content":{"rendered":"<p>Eesti Muusika- ja Teatriakadeemia lavakunstikooli l\u00f5petas sel aastal 17 noort n\u00e4itlejat, lavastajat ja dramaturgi. &#8220;Lennud&#8221; teeb teatris\u00f5bra noorte teatritegijatega l\u00e4hemalt tuttavaks.<\/p>\n<p>Eesti Muusika- ja Teatriakadeemia lavakunstikooli 32. lennu l\u00f5petasid Triin Brigitta Heidov, Elss Raidmets, Oliver-Marcus Reimann, Robi Varul, Joosep L\u00f5hmus, Maarja Moor, Mirjam Aavakivi, Erling Eding, Erik Hermak\u00fcla, Joonas Koff, Eliis-Maria Koit, Mauri Liiv, Mattias Nurga, Uku Pokk, Alex Paul Pukk, Katarina Sits ja Carolyn Veensalu.<\/p>\n<p>Kursust juhendasid Mart Koldits, Tiit Ojasoo, Tiina Tauraite ja Siret Campbell.<\/p>\n<p>Toimetaja Heleri All, re\u017eiss\u00f6\u00f6r M\u00e4rten Vaher, produtsent Kadi Katarina Priske.<\/p>\n","protected":false},"excerpt":{"rendered":"Eesti Muusika- ja Teatriakadeemia lavakunstikooli l\u00f5petas sel aastal 17 noort n\u00e4itlejat, lavastajat ja dramaturgi. &#8220;Lennud&#8221; teeb teatris\u00f5bra noorte&hellip;\n","protected":false},"author":2,"featured_media":222237,"comment_status":"","ping_status":"","sticky":false,"template":"","format":"standard","meta":{"footnotes":"","_share_on_mastodon":"0"},"categories":[16],"tags":[37,33,35,173,34,36,52483,15005,140],"class_list":["post-222236","post","type-post","status-publish","format-standard","has-post-thumbnail","category-meelelahutus","tag-ee","tag-eesti","tag-eesti-keel","tag-entertainment","tag-estonia","tag-estonian","tag-lavaka-32-lend","tag-lennud","tag-meelelahutus"],"share_on_mastodon":{"url":"https:\/\/pubeurope.com\/@ee\/116875041480971568","error":""},"_links":{"self":[{"href":"https:\/\/www.europesays.com\/ee\/wp-json\/wp\/v2\/posts\/222236","targetHints":{"allow":["GET"]}}],"collection":[{"href":"https:\/\/www.europesays.com\/ee\/wp-json\/wp\/v2\/posts"}],"about":[{"href":"https:\/\/www.europesays.com\/ee\/wp-json\/wp\/v2\/types\/post"}],"author":[{"embeddable":true,"href":"https:\/\/www.europesays.com\/ee\/wp-json\/wp\/v2\/users\/2"}],"replies":[{"embeddable":true,"href":"https:\/\/www.europesays.com\/ee\/wp-json\/wp\/v2\/comments?post=222236"}],"version-history":[{"count":0,"href":"https:\/\/www.europesays.com\/ee\/wp-json\/wp\/v2\/posts\/222236\/revisions"}],"wp:featuredmedia":[{"embeddable":true,"href":"https:\/\/www.europesays.com\/ee\/wp-json\/wp\/v2\/media\/222237"}],"wp:attachment":[{"href":"https:\/\/www.europesays.com\/ee\/wp-json\/wp\/v2\/media?parent=222236"}],"wp:term":[{"taxonomy":"category","embeddable":true,"href":"https:\/\/www.europesays.com\/ee\/wp-json\/wp\/v2\/categories?post=222236"},{"taxonomy":"post_tag","embeddable":true,"href":"https:\/\/www.europesays.com\/ee\/wp-json\/wp\/v2\/tags?post=222236"}],"curies":[{"name":"wp","href":"https:\/\/api.w.org\/{rel}","templated":true}]}}