{"id":222340,"date":"2026-07-07T03:32:07","date_gmt":"2026-07-07T03:32:07","guid":{"rendered":"https:\/\/www.europesays.com\/ee\/222340\/"},"modified":"2026-07-07T03:32:07","modified_gmt":"2026-07-07T03:32:07","slug":"video-sillamael-porkas-vastassuunda-paiskunud-soiduauto-kokku-nelja-soidukiga","status":"publish","type":"post","link":"https:\/\/www.europesays.com\/ee\/222340\/","title":{"rendered":"VIDEO | Sillam\u00e4el p\u00f5rkas vastassuunda paiskunud s\u00f5iduauto kokku nelja s\u00f5idukiga"},"content":{"rendered":"<p>Kell 06.12 juhtus liiklus\u00f5nnetus P\u00f5lva maakonnas Kanepi vallas Karilatsi k\u00fclas Voorek\u00fcla-Puskaru maantee 11. kilomeetril, kus s\u00f5iduauto Opel, mida juhtis 38-aastane naine, ootamatult s\u00f5iduteele h\u00fcpanud metskitsele otsas\u00f5idu v\u00e4ltimiseks keeras j\u00e4rsult vasakule ja s\u00f5itis teelt v\u00e4lja. Juht toimetati haiglasse.<\/p>\n<p>Kell 07.10 juhtus liiklus\u00f5nnetus P\u00e4rnus Oja tn 97 juures, kus s\u00f5iduautot \u0160koda juhtinud 41-aastane naine ei andnud vasakp\u00f6\u00f6ret sooritades teed otse liikunud mootorrattale Harley-Davidson, mida juhtis 52-aastane mees. Mootorrattur ja s\u00f5idukijuht toimetati haiglasse.<\/p>\n<p>Kell 10.53 teatati liiklus\u00f5nnetusest Tallinnas P\u00e4rnu mnt 50 juures, kus s\u00f5iduautot Toyota juhtinud 48-aastane mees s\u00f5itis teelt v\u00e4lja vastu liiklusm\u00e4rki ja valgusfoori posti. S\u00f5idukijuht ja s\u00f5idukis viibinud kaass\u00f5itjad 38-aastane naine, 2-aastane t\u00fcdruk ja 1-aastane t\u00fcdruk toimetati haiglasse.<\/p>\n<p>Kell 11.42 juhtus liiklus\u00f5nnetus Tartu maakonnas Tartu vallas Maramaa k\u00fclas Tartu &#8211; J\u00f5geva &#8211; Aravete tee ja K\u00e4rkna &#8211; Kobratu maantee ristmikul, kus s\u00f5iduautot Volkswagen juhtinud 77-aastane mees eiras liiklusm\u00e4rgi Anna teed n\u00f5udeid ja ei andnud vasakp\u00f6\u00f6ret sooritades teed otse liikunud mootorrattale Yamaha, mida juhtis 39-aastane mees. Mootorrattur toimetati haiglasse. <\/p>\n<p>Kell 17.28 juhtus liiklus\u00f5nnetus  <a rel=\"noopener nofollow\" target=\"_blank\" href=\"https:\/\/www.delfi.ee\/teema\/66964100\/sillamae\" tag-id=\"66964100\">Sillam\u00e4e<\/a> linnas, kus 44-aastane mees juhtides mootors\u00f5idukit Alfa Romeo 159 paiskus vastassuunav\u00f6\u00f6ndisse ning p\u00f5rkas kokku mootors\u00f5idukitega Opel INSIGNIA, seej\u00e4rel Audi A6 AVANT, seej\u00e4rel s\u00f5idukiga Audi A3. Mingi hetk Alfa Romeo s\u00f5itis tagant sisse mootors\u00f5idukile Mercedes CLA 220 CDI, mis liikus sama suunas. S\u00f5idukis Opel viibinud, 5-aastane ja 11-aastane t\u00fcdrukud,  toimetati haiglasse.<\/p>\n<p><a href=\"https:\/\/www.delfi.ee\/artikkel\/120595481\/video-sillamael-porkas-vastassuunda-paiskunud-soiduauto-kokku-nelja-soidukiga\/kommentaarid\" class=\"article-body-bottom__comment article-body-bottom__comment--write button button--primary button--size-auto\" rel=\"nofollow noopener\" target=\"_blank\"> Kommenteeri <\/a><a href=\"https:\/\/www.delfi.ee\/artikkel\/120595481\/video-sillamael-porkas-vastassuunda-paiskunud-soiduauto-kokku-nelja-soidukiga\/kommentaarid\" class=\"article-body-bottom__comment article-body-bottom__comment--read button button--size-auto\" rel=\"nofollow noopener\" target=\"_blank\"> Loe kommentaare <\/a><\/p>\n","protected":false},"excerpt":{"rendered":"Kell 06.12 juhtus liiklus\u00f5nnetus P\u00f5lva maakonnas Kanepi vallas Karilatsi k\u00fclas Voorek\u00fcla-Puskaru maantee 11. kilomeetril, kus s\u00f5iduauto Opel, mida&hellip;\n","protected":false},"author":2,"featured_media":222341,"comment_status":"","ping_status":"","sticky":false,"template":"","format":"standard","meta":{"footnotes":"","_share_on_mastodon":"0"},"categories":[12],"tags":[26,27,37,33,35,34,36,31,32,21,28,29,349,19,25,2299,23,24,22,20,30],"class_list":["post-222340","post","type-post","status-publish","format-standard","has-post-thumbnail","category-eesti","tag-breaking-news","tag-breakingnews","tag-ee","tag-eesti","tag-eesti-keel","tag-estonia","tag-estonian","tag-featured-news","tag-featurednews","tag-headlines","tag-latest-news","tag-latestnews","tag-liiklusonnetus","tag-news","tag-populaarseimad-lood","tag-sillamae","tag-top-stories","tag-topstories","tag-uldised-uudised","tag-uudised","tag-viimased-uudised"],"share_on_mastodon":{"url":"https:\/\/pubeurope.com\/@ee\/116876590692609510","error":""},"_links":{"self":[{"href":"https:\/\/www.europesays.com\/ee\/wp-json\/wp\/v2\/posts\/222340","targetHints":{"allow":["GET"]}}],"collection":[{"href":"https:\/\/www.europesays.com\/ee\/wp-json\/wp\/v2\/posts"}],"about":[{"href":"https:\/\/www.europesays.com\/ee\/wp-json\/wp\/v2\/types\/post"}],"author":[{"embeddable":true,"href":"https:\/\/www.europesays.com\/ee\/wp-json\/wp\/v2\/users\/2"}],"replies":[{"embeddable":true,"href":"https:\/\/www.europesays.com\/ee\/wp-json\/wp\/v2\/comments?post=222340"}],"version-history":[{"count":0,"href":"https:\/\/www.europesays.com\/ee\/wp-json\/wp\/v2\/posts\/222340\/revisions"}],"wp:featuredmedia":[{"embeddable":true,"href":"https:\/\/www.europesays.com\/ee\/wp-json\/wp\/v2\/media\/222341"}],"wp:attachment":[{"href":"https:\/\/www.europesays.com\/ee\/wp-json\/wp\/v2\/media?parent=222340"}],"wp:term":[{"taxonomy":"category","embeddable":true,"href":"https:\/\/www.europesays.com\/ee\/wp-json\/wp\/v2\/categories?post=222340"},{"taxonomy":"post_tag","embeddable":true,"href":"https:\/\/www.europesays.com\/ee\/wp-json\/wp\/v2\/tags?post=222340"}],"curies":[{"name":"wp","href":"https:\/\/api.w.org\/{rel}","templated":true}]}}