{"id":222377,"date":"2026-07-07T05:10:10","date_gmt":"2026-07-07T05:10:10","guid":{"rendered":"https:\/\/www.europesays.com\/ee\/222377\/"},"modified":"2026-07-07T05:10:10","modified_gmt":"2026-07-07T05:10:10","slug":"kanada-solmib-saksa-ettevottega-allveelaevade-ehituslepingu-valismaa","status":"publish","type":"post","link":"https:\/\/www.europesays.com\/ee\/222377\/","title":{"rendered":"Kanada s\u00f5lmib Saksa ettev\u00f5ttega allveelaevade ehituslepingu | V\u00e4lismaa"},"content":{"rendered":"<p>Kanada soovib uuendada oma allveelaevastikku ning valis koost\u00f6\u00f6partneriks Saksamaa laevaehitusettev\u00f5tte TKMS-i. Kanada kavatseb hankida 12 diiselmootoriga allveelaeva, mis suudavad tegutseda ka Arktika tingimustes.<\/p>\n<p>Kanada peaminister Mark Carney teatas Ankara tippkohtumise eel, et Saksamaa laevaehitusettev\u00f5te TKMS on Kanada esimene valik uute allveelaevade ehitamiseks.<\/p>\n<p>&#8220;See hange saab olema Kanada ajaloo suurim ning selle protsessi majanduslik m\u00f5ju, mis on nii ka kavandatud, \u00fcletab kaugelt k\u00f5ik teised kaitseinvesteeringud kogu Kanadas,&#8221; \u00fctles Carney. Tema s\u00f5nul loodetakse esimesed neli allveelaeva v\u00f5tta kasutusele 2034. aastaks<\/p>\n<p>Kanada tegi l\u00f5pliku valiku TKMS-i ja L\u00f5una-Korea ettev\u00f5tte Hanwha Oceani vahel. Kui edasised l\u00e4bir\u00e4\u00e4kimised TKMS-iga peaksid eba\u00f5nnestuma, j\u00e4tkab Kanada k\u00f5nelusi Hanwha Oceaniga.<\/p>\n<p>&#8220;See oli keeruline ja tasav\u00e4gine otsus kahe v\u00e4ga p\u00e4deva tarnija vahel. Nii TKMS-i kui ka Hanwha platvormid vastasid Kanada kuningliku merev\u00e4e n\u00f5uetele ning m\u00f5lemad tegid tugevad pakkumised,&#8221; \u00fctles Carney.\u00a0<\/p>\n<p>Ajaleht <a href=\"https:\/\/www.ft.com\/content\/ca6a89f8-6ccb-43fd-9368-97dc5f2ac0be?syn-25a6b1a6=1\" target=\"_blank\" rel=\"noopener nofollow\">Financial Times<\/a> kirjutab, et mitme miljardi dollari suurune hange on osa Kanada ulatuslikust kaitsev\u00f5ime tugevdamisest. Selle ajendiks on muutunud julgeolekuolukord ja pinged \u00dchendriikidega.\u00a0<\/p>\n<p>USA president Donald Trump on kritiseerinud Kanadat liiga v\u00e4ikeste kaitsekulutuste p\u00e4rast ning seadnud kahtluse alla USA senised julgeolekugarantiid NATO liitlastele. Vastuseks on Kanada lubanud suurendada kaitsekulutusi 2035. aastaks viie protsendini SKP-st.<\/p>\n<p>Saksamaa kantsler Friedrich Merz tervitas Kanada viimast otsust ning \u00fctles, et see on tugev signaal transatlantilisest koost\u00f6\u00f6st kaitset\u00f6\u00f6stuses.<\/p>\n<p>&#8220;See on suur strateegiline projekt, mis seob Kanada, Saksamaa ja Norra aastak\u00fcmneteks tihedasse koost\u00f6\u00f6sse,&#8221; \u00fctles Merz.\u00a0<\/p>\n<p>NATO liikmesriik Norra on strateegiline partner TKMS-i allveelaevaprogrammis ning teeb Saksamaaga selles projektis tihedat koost\u00f6\u00f6d. Lisaks allveelaevade tarnimisele h\u00f5lmab tulevane Saksamaa, Norra ja Kanada koost\u00f6\u00f6 ka hooldust, logistikat ning v\u00e4lja\u00f5pet.<\/p>\n","protected":false},"excerpt":{"rendered":"Kanada soovib uuendada oma allveelaevastikku ning valis koost\u00f6\u00f6partneriks Saksamaa laevaehitusettev\u00f5tte TKMS-i. Kanada kavatseb hankida 12 diiselmootoriga allveelaeva, mis&hellip;\n","protected":false},"author":2,"featured_media":222378,"comment_status":"","ping_status":"","sticky":false,"template":"","format":"standard","meta":{"footnotes":"","_share_on_mastodon":"0"},"categories":[80],"tags":[20875,26,27,37,33,35,34,36,31,32,1142,21,1554,28,29,95,1555,19,25,51,23,24,22,20,30,92,93,94],"class_list":["post-222377","post","type-post","status-publish","format-standard","has-post-thumbnail","category-maailm","tag-allveelaevad","tag-breaking-news","tag-breakingnews","tag-ee","tag-eesti","tag-eesti-keel","tag-estonia","tag-estonian","tag-featured-news","tag-featurednews","tag-friedrich-merz","tag-headlines","tag-kanada","tag-latest-news","tag-latestnews","tag-maailm","tag-mark-carney","tag-news","tag-populaarseimad-lood","tag-saksamaa","tag-top-stories","tag-topstories","tag-uldised-uudised","tag-uudised","tag-viimased-uudised","tag-world","tag-world-news","tag-worldnews"],"share_on_mastodon":{"url":"https:\/\/pubeurope.com\/@ee\/116876975967235421","error":""},"_links":{"self":[{"href":"https:\/\/www.europesays.com\/ee\/wp-json\/wp\/v2\/posts\/222377","targetHints":{"allow":["GET"]}}],"collection":[{"href":"https:\/\/www.europesays.com\/ee\/wp-json\/wp\/v2\/posts"}],"about":[{"href":"https:\/\/www.europesays.com\/ee\/wp-json\/wp\/v2\/types\/post"}],"author":[{"embeddable":true,"href":"https:\/\/www.europesays.com\/ee\/wp-json\/wp\/v2\/users\/2"}],"replies":[{"embeddable":true,"href":"https:\/\/www.europesays.com\/ee\/wp-json\/wp\/v2\/comments?post=222377"}],"version-history":[{"count":0,"href":"https:\/\/www.europesays.com\/ee\/wp-json\/wp\/v2\/posts\/222377\/revisions"}],"wp:featuredmedia":[{"embeddable":true,"href":"https:\/\/www.europesays.com\/ee\/wp-json\/wp\/v2\/media\/222378"}],"wp:attachment":[{"href":"https:\/\/www.europesays.com\/ee\/wp-json\/wp\/v2\/media?parent=222377"}],"wp:term":[{"taxonomy":"category","embeddable":true,"href":"https:\/\/www.europesays.com\/ee\/wp-json\/wp\/v2\/categories?post=222377"},{"taxonomy":"post_tag","embeddable":true,"href":"https:\/\/www.europesays.com\/ee\/wp-json\/wp\/v2\/tags?post=222377"}],"curies":[{"name":"wp","href":"https:\/\/api.w.org\/{rel}","templated":true}]}}