{"id":222405,"date":"2026-07-07T05:57:10","date_gmt":"2026-07-07T05:57:10","guid":{"rendered":"https:\/\/www.europesays.com\/ee\/222405\/"},"modified":"2026-07-07T05:57:10","modified_gmt":"2026-07-07T05:57:10","slug":"osa-belgorodist-jai-raketirunnaku-jarel-elektri-ja-veeta-ning-puhkesid-tulekahjud","status":"publish","type":"post","link":"https:\/\/www.europesays.com\/ee\/222405\/","title":{"rendered":"Osa Belgorodist j\u00e4i raketir\u00fcnnaku j\u00e4rel elektri ja veeta ning puhkesid tulekahjud"},"content":{"rendered":"<p>Elanikud teatasid suurest hulgast plahvatustest. Kuberneri kohuset\u00e4itja Aleksandr \u0160uvajev teatas raketil\u00f6\u00f6gist ning sellest, et Belgorodis said kahjustada \u201e\u00fcks objekt\u201c ja energeetikataristu.<\/p>\n<p>Hiljem teatas ta kolmest kannatanust ja \u00fchest hukkunust.<\/p>\n<p>Vaatluskanalite teatel oli \u00fcks r\u00fcnnatud objektidest Belgorodi magistraalgaasijuhtmete tootmisvalitsus, kus puhkes tulekahju. See ettev\u00f5te on <a rel=\"noopener nofollow\" target=\"_blank\" href=\"https:\/\/www.delfi.ee\/teema\/56814658\/gazprom\" tag-id=\"56814658\">Gazprom<\/a> Transgaz Moskva filiaal ja kuulub Gazpromi struktuuri ning vastutab magistraalgaasijuhtmete toimimise eest Belgorodi oblastis.<\/p>\n<p>Kaluga oblasti kuberner Vladislav \u0160ap\u0161a teatas, et seal h\u00e4vitati \u00f6\u00f6sel kuus drooni ja s\u00fcttis t\u00f6\u00f6stusettev\u00f5te Dzer\u017einski rajoonis.<\/p>\n<p>Kuidas see lugu Sind end tundma pani? Saada <\/p>\n","protected":false},"excerpt":{"rendered":"Elanikud teatasid suurest hulgast plahvatustest. Kuberneri kohuset\u00e4itja Aleksandr \u0160uvajev teatas raketil\u00f6\u00f6gist ning sellest, et Belgorodis said kahjustada \u201e\u00fcks&hellip;\n","protected":false},"author":2,"featured_media":222406,"comment_status":"","ping_status":"","sticky":false,"template":"","format":"standard","meta":{"footnotes":"","_share_on_mastodon":"0"},"categories":[5],"tags":[5472,26,27,37,33,35,34,36,31,32,1860,21,28,29,19,25,107,23,24,262,22,20,96,30],"class_list":["post-222405","post","type-post","status-publish","format-standard","has-post-thumbnail","category-uldised-uudised","tag-belgorod","tag-breaking-news","tag-breakingnews","tag-ee","tag-eesti","tag-eesti-keel","tag-estonia","tag-estonian","tag-featured-news","tag-featurednews","tag-gazprom","tag-headlines","tag-latest-news","tag-latestnews","tag-news","tag-populaarseimad-lood","tag-soda-ukrainas","tag-top-stories","tag-topstories","tag-ukraina","tag-uldised-uudised","tag-uudised","tag-venemaa","tag-viimased-uudised"],"share_on_mastodon":{"url":"https:\/\/pubeurope.com\/@ee\/116877160878071115","error":""},"_links":{"self":[{"href":"https:\/\/www.europesays.com\/ee\/wp-json\/wp\/v2\/posts\/222405","targetHints":{"allow":["GET"]}}],"collection":[{"href":"https:\/\/www.europesays.com\/ee\/wp-json\/wp\/v2\/posts"}],"about":[{"href":"https:\/\/www.europesays.com\/ee\/wp-json\/wp\/v2\/types\/post"}],"author":[{"embeddable":true,"href":"https:\/\/www.europesays.com\/ee\/wp-json\/wp\/v2\/users\/2"}],"replies":[{"embeddable":true,"href":"https:\/\/www.europesays.com\/ee\/wp-json\/wp\/v2\/comments?post=222405"}],"version-history":[{"count":0,"href":"https:\/\/www.europesays.com\/ee\/wp-json\/wp\/v2\/posts\/222405\/revisions"}],"wp:featuredmedia":[{"embeddable":true,"href":"https:\/\/www.europesays.com\/ee\/wp-json\/wp\/v2\/media\/222406"}],"wp:attachment":[{"href":"https:\/\/www.europesays.com\/ee\/wp-json\/wp\/v2\/media?parent=222405"}],"wp:term":[{"taxonomy":"category","embeddable":true,"href":"https:\/\/www.europesays.com\/ee\/wp-json\/wp\/v2\/categories?post=222405"},{"taxonomy":"post_tag","embeddable":true,"href":"https:\/\/www.europesays.com\/ee\/wp-json\/wp\/v2\/tags?post=222405"}],"curies":[{"name":"wp","href":"https:\/\/api.w.org\/{rel}","templated":true}]}}