{"id":222407,"date":"2026-07-07T06:07:13","date_gmt":"2026-07-07T06:07:13","guid":{"rendered":"https:\/\/www.europesays.com\/ee\/222407\/"},"modified":"2026-07-07T06:07:13","modified_gmt":"2026-07-07T06:07:13","slug":"leedu-president-kinnitas-uue-valitsuse-koosseisu","status":"publish","type":"post","link":"https:\/\/www.europesays.com\/ee\/222407\/","title":{"rendered":"Leedu president kinnitas uue valitsuse koosseisu"},"content":{"rendered":"<p>Leedu president Gitanas Naus\u0117da kinnitas esmasp\u00e4eval peaminister Mindaugas Sinkevi\u010diuse valitsuse koosseisu, edastas riigipea pressiteenistus.<\/p>\n<p>\u00abNaus\u0117da allkirjastas esmasp\u00e4eval p\u00f5hiseadusest juhindudes ja v\u00f5ttes arvesse peaminister Mindaugas Sinkevi\u010diuse ettepaneku, m\u00e4\u00e4ruse, millega kinnitati 21. valitsuse koosseis,\u00bb edastas pressiteenistus.<\/p>\n","protected":false},"excerpt":{"rendered":"Leedu president Gitanas Naus\u0117da kinnitas esmasp\u00e4eval peaminister Mindaugas Sinkevi\u010diuse valitsuse koosseisu, edastas riigipea pressiteenistus. \u00abNaus\u0117da allkirjastas esmasp\u00e4eval p\u00f5hiseadusest&hellip;\n","protected":false},"author":2,"featured_media":222408,"comment_status":"","ping_status":"","sticky":false,"template":"","format":"standard","meta":{"footnotes":"","_share_on_mastodon":"0"},"categories":[80],"tags":[26,27,37,33,35,34,36,31,32,4139,21,28,29,115,95,19,25,23,24,22,20,1012,30,92,93,94],"class_list":["post-222407","post","type-post","status-publish","format-standard","has-post-thumbnail","category-maailm","tag-breaking-news","tag-breakingnews","tag-ee","tag-eesti","tag-eesti-keel","tag-estonia","tag-estonian","tag-featured-news","tag-featurednews","tag-gitanas-nauseda","tag-headlines","tag-latest-news","tag-latestnews","tag-leedu","tag-maailm","tag-news","tag-populaarseimad-lood","tag-top-stories","tag-topstories","tag-uldised-uudised","tag-uudised","tag-valitsus","tag-viimased-uudised","tag-world","tag-world-news","tag-worldnews"],"share_on_mastodon":{"url":"https:\/\/pubeurope.com\/@ee\/116877200144872218","error":""},"_links":{"self":[{"href":"https:\/\/www.europesays.com\/ee\/wp-json\/wp\/v2\/posts\/222407","targetHints":{"allow":["GET"]}}],"collection":[{"href":"https:\/\/www.europesays.com\/ee\/wp-json\/wp\/v2\/posts"}],"about":[{"href":"https:\/\/www.europesays.com\/ee\/wp-json\/wp\/v2\/types\/post"}],"author":[{"embeddable":true,"href":"https:\/\/www.europesays.com\/ee\/wp-json\/wp\/v2\/users\/2"}],"replies":[{"embeddable":true,"href":"https:\/\/www.europesays.com\/ee\/wp-json\/wp\/v2\/comments?post=222407"}],"version-history":[{"count":0,"href":"https:\/\/www.europesays.com\/ee\/wp-json\/wp\/v2\/posts\/222407\/revisions"}],"wp:featuredmedia":[{"embeddable":true,"href":"https:\/\/www.europesays.com\/ee\/wp-json\/wp\/v2\/media\/222408"}],"wp:attachment":[{"href":"https:\/\/www.europesays.com\/ee\/wp-json\/wp\/v2\/media?parent=222407"}],"wp:term":[{"taxonomy":"category","embeddable":true,"href":"https:\/\/www.europesays.com\/ee\/wp-json\/wp\/v2\/categories?post=222407"},{"taxonomy":"post_tag","embeddable":true,"href":"https:\/\/www.europesays.com\/ee\/wp-json\/wp\/v2\/tags?post=222407"}],"curies":[{"name":"wp","href":"https:\/\/api.w.org\/{rel}","templated":true}]}}