{"id":222493,"date":"2026-07-07T08:08:15","date_gmt":"2026-07-07T08:08:15","guid":{"rendered":"https:\/\/www.europesays.com\/ee\/222493\/"},"modified":"2026-07-07T08:08:15","modified_gmt":"2026-07-07T08:08:15","slug":"prantsusmaa-kaebas-olise-kollase-kaardi-fifa-le-edasi-jalgpalli-mm","status":"publish","type":"post","link":"https:\/\/www.europesays.com\/ee\/222493\/","title":{"rendered":"Prantsusmaa kaebas Olise kollase kaardi FIFA-le edasi | Jalgpalli MM"},"content":{"rendered":"<p>Prantsusmaa jalgpalliliit on esitanud FIFA-le apellatsiooni, et t\u00fchistataks Michael Olise kaheksandikfinaalis saadud kollane kaart.<\/p>\n<p>Olise teenis hoiatuse laup\u00e4evases kohtumises Paraguay vastu p\u00e4rast vahejuhtumit poolkaitsja Matias Galarzaga. Telekorduste p\u00f5hjal haaras prantslane vastast s\u00e4rgist, kuid ei tabanud teda peaga, kuigi Galarza kukkus olukorra j\u00e4rel murule n\u00e4ost kinni hoides.<\/p>\n<p>Prantsusmaa kohtub neljap\u00e4eval MM-i veerandfinaalis Marokoga. Kui Olise peaks selles m\u00e4ngus saama veel \u00fche kollase kaardi, j\u00e4\u00e4ks ta v\u00f5imaliku poolfinaali k\u00f5rvale.<\/p>\n<p>The Athleticu teatel ei ajendanud Prantsusmaad apellatsiooni esitama USA hiljutine edukas vaie r\u00fcndaja Folarin Balogun punase kaardi t\u00fchistamiseks. FIFA rahuldas USA apellatsiooni ning t\u00fchistas Bosnia ja Hertsegoviina vastu saadud punase kaardi.<\/p>\n","protected":false},"excerpt":{"rendered":"Prantsusmaa jalgpalliliit on esitanud FIFA-le apellatsiooni, et t\u00fchistataks Michael Olise kaheksandikfinaalis saadud kollane kaart. Olise teenis hoiatuse laup\u00e4evases&hellip;\n","protected":false},"author":2,"featured_media":222494,"comment_status":"","ping_status":"","sticky":false,"template":"","format":"standard","meta":{"footnotes":"","_share_on_mastodon":"0"},"categories":[18],"tags":[37,33,35,34,36,24425,10502,159,158],"class_list":["post-222493","post","type-post","status-publish","format-standard","has-post-thumbnail","category-sport","tag-ee","tag-eesti","tag-eesti-keel","tag-estonia","tag-estonian","tag-michael-olise","tag-prantsusmaa-jalgpallikoondis","tag-sport","tag-sports"],"share_on_mastodon":{"url":"https:\/\/pubeurope.com\/@ee\/116877675997258433","error":""},"_links":{"self":[{"href":"https:\/\/www.europesays.com\/ee\/wp-json\/wp\/v2\/posts\/222493","targetHints":{"allow":["GET"]}}],"collection":[{"href":"https:\/\/www.europesays.com\/ee\/wp-json\/wp\/v2\/posts"}],"about":[{"href":"https:\/\/www.europesays.com\/ee\/wp-json\/wp\/v2\/types\/post"}],"author":[{"embeddable":true,"href":"https:\/\/www.europesays.com\/ee\/wp-json\/wp\/v2\/users\/2"}],"replies":[{"embeddable":true,"href":"https:\/\/www.europesays.com\/ee\/wp-json\/wp\/v2\/comments?post=222493"}],"version-history":[{"count":0,"href":"https:\/\/www.europesays.com\/ee\/wp-json\/wp\/v2\/posts\/222493\/revisions"}],"wp:featuredmedia":[{"embeddable":true,"href":"https:\/\/www.europesays.com\/ee\/wp-json\/wp\/v2\/media\/222494"}],"wp:attachment":[{"href":"https:\/\/www.europesays.com\/ee\/wp-json\/wp\/v2\/media?parent=222493"}],"wp:term":[{"taxonomy":"category","embeddable":true,"href":"https:\/\/www.europesays.com\/ee\/wp-json\/wp\/v2\/categories?post=222493"},{"taxonomy":"post_tag","embeddable":true,"href":"https:\/\/www.europesays.com\/ee\/wp-json\/wp\/v2\/tags?post=222493"}],"curies":[{"name":"wp","href":"https:\/\/api.w.org\/{rel}","templated":true}]}}