{"id":222497,"date":"2026-07-07T08:12:10","date_gmt":"2026-07-07T08:12:10","guid":{"rendered":"https:\/\/www.europesays.com\/ee\/222497\/"},"modified":"2026-07-07T08:12:10","modified_gmt":"2026-07-07T08:12:10","slug":"eesti-politsei-osales-rahvusvahelises-inimkaubandusevastases-operatsioonis","status":"publish","type":"post","link":"https:\/\/www.europesays.com\/ee\/222497\/","title":{"rendered":"Eesti politsei osales rahvusvahelises inimkaubandusevastases operatsioonis"},"content":{"rendered":"<p>T\u00e4navu 8.\u201312. juunil toimunud ulatuslikku operatsiooni Global Chain juhtisid Austria ja Rumeenia ning koordineerisid Euroopa Liidu \u00f5iguskaitsekoost\u00f6\u00f6 amet (Europol), Euroopa piiri- ja rannikuvalve amet (Frontex) ja rahvusvaheline kriminaalpolitseiorganisatsioon INTERPOL. <\/p>\n<p>Politsei- ja piirivalveameti teatel oli operatsiooni fookuses inimkaubandus, sh seksuaalne \u00e4rakasutamine, sunnitud kuritegevus ja kerjamine. Kokku osales seal inimesi 59 erinevast riigist. Eestist osales politsei- ja piirivalveamet, t\u00f6\u00f6inspektsioon, maksu- ja tolliamet ning sotsiaalkindlustusameti ohvriabit\u00f6\u00f6tajad.<\/p>\n<p>P\u00f5hja prefektuuri organiseeritud kuritegevuse grupijuhi Margo Kivila s\u00f5nul oli tegemist suuremahulise ja p\u00f5hjalikult ette valmistatud koost\u00f6\u00f6operatsiooniga, mille eesm\u00e4rk oli tuvastada inimkaubanduse riskiga valdkonnad ja juhtumid. \u201eKuigi operatsiooni fookuses oli inimkaubandus, siis kontrollide k\u00e4igus vaatasime ka muid rikkumisi ja tuvastasime kaks kupeldamise juhtumit,\u201c r\u00e4\u00e4kis Kivila. <\/p>\n<p>Lisaks saadeti Eestis v\u00e4lja k\u00fcmme kolmandate riikide kodanikku, kes olid siia tulnud turismiviisaga, kuid osutasid prostitutsiooniteenust. Eestis kontrollisime n\u00e4dala jooksul 871 inimest ja 62 ettev\u00f5tet.<\/p>\n<p>Teistest riikidest eristas Eestit see, et me ei tuvastanud \u00fchtega alaealistega seotud juhtumit. \u201eSiiski ei tasu valvsust kaotada ja see ei t\u00e4henda, et probleem puudub. Kui t\u00e4iskasvanute puhul kasutavad kurjategijad sageli \u00e4ra inimese haavatavat olukorda v\u00f5\u00f5ras riigis, siis alaealiste puhul on v\u00e4\u00e4rkohtlejateks sageli inimesed nende l\u00e4hiringist. Seet\u00f5ttu on sellised juhtumid eriti traagilised &#8211; inimesed, kes peaksid pakkuma turvatunnet ja kaitset, hoopis kuritarvitavad seda usaldust. Sageli j\u00e4\u00e4vad need juhtumid m\u00e4rkamatuks. Kui sul tekib kasv\u00f5i v\u00e4himgi kahtlus, et kedagi v\u00e4\u00e4rkoheldakse v\u00f5i kasutatakse \u00e4ra, teavita sellest viivitamata politseid numbril 112 v\u00f5i ohvriabi kriisitelefonil,\u201c s\u00f5nas Kivila.<\/p>\n<p>Global Chaini operatsiooniga samal n\u00e4dalal toimusid Eestis ka P\u00f5hja-Balti koost\u00f6\u00f6 (<a rel=\"noopener nofollow\" target=\"_blank\" href=\"https:\/\/www.delfi.ee\/teema\/96943787\/nb8\" tag-id=\"96943787\">NB8<\/a>) visiit ja \u00f5ppus ILVES, mis n\u00f5udsid samuti m\u00e4rkimisv\u00e4\u00e4rseid ressursse. \u201eT\u00e4nu heale planeerimisele ja p\u00fchendunud abipolitseinikele suutsime siiski k\u00f5igis tegevustes osaleda t\u00e4ie v\u00f5imekusega. See kinnitas, et kui olemasolevaid ressursse targalt ja l\u00e4bim\u00f5eldult kasutada on v\u00f5imalik ka keerulistes oludes k\u00f5ik olulised \u00fclesanded edukalt t\u00e4ita,\u201c \u00fctles Kivila.<\/p>\n<p>Operatsiooni jooksul p\u00e4\u00e4steti \u00fcle maailma kokku 2 070 v\u00f5imalikku ohvrit ning arreteeriti 1 024 kahtlustatavat, kelle seast 334 olid v\u00f5imalikud inimkaubitsejad.<\/p>\n<p>Kuidas see lugu Sind end tundma pani? Saada <a href=\"https:\/\/www.delfi.ee\/artikkel\/120595542\/eesti-politsei-osales-rahvusvahelises-inimkaubandusevastases-operatsioonis\/kommentaarid\" class=\"article-body-bottom__comment article-body-bottom__comment--write button button--primary button--size-auto\" rel=\"nofollow noopener\" target=\"_blank\"> Kommenteeri <\/a><a href=\"https:\/\/www.delfi.ee\/artikkel\/120595542\/eesti-politsei-osales-rahvusvahelises-inimkaubandusevastases-operatsioonis\/kommentaarid\" class=\"article-body-bottom__comment article-body-bottom__comment--read button button--size-auto\" rel=\"nofollow noopener\" target=\"_blank\"> Loe kommentaare (4)<\/a><\/p>\n","protected":false},"excerpt":{"rendered":"T\u00e4navu 8.\u201312. juunil toimunud ulatuslikku operatsiooni Global Chain juhtisid Austria ja Rumeenia ning koordineerisid Euroopa Liidu \u00f5iguskaitsekoost\u00f6\u00f6 amet&hellip;\n","protected":false},"author":2,"featured_media":222498,"comment_status":"","ping_status":"","sticky":false,"template":"","format":"standard","meta":{"footnotes":"","_share_on_mastodon":"0"},"categories":[12],"tags":[26,27,37,33,35,34,36,31,32,21,7137,28,29,31644,19,25,4262,23,24,22,20,30],"class_list":["post-222497","post","type-post","status-publish","format-standard","has-post-thumbnail","category-eesti","tag-breaking-news","tag-breakingnews","tag-ee","tag-eesti","tag-eesti-keel","tag-estonia","tag-estonian","tag-featured-news","tag-featurednews","tag-headlines","tag-kriminaalmenetlus","tag-latest-news","tag-latestnews","tag-nb8","tag-news","tag-populaarseimad-lood","tag-ppa","tag-top-stories","tag-topstories","tag-uldised-uudised","tag-uudised","tag-viimased-uudised"],"share_on_mastodon":{"url":"https:\/\/pubeurope.com\/@ee\/116877691621857203","error":""},"_links":{"self":[{"href":"https:\/\/www.europesays.com\/ee\/wp-json\/wp\/v2\/posts\/222497","targetHints":{"allow":["GET"]}}],"collection":[{"href":"https:\/\/www.europesays.com\/ee\/wp-json\/wp\/v2\/posts"}],"about":[{"href":"https:\/\/www.europesays.com\/ee\/wp-json\/wp\/v2\/types\/post"}],"author":[{"embeddable":true,"href":"https:\/\/www.europesays.com\/ee\/wp-json\/wp\/v2\/users\/2"}],"replies":[{"embeddable":true,"href":"https:\/\/www.europesays.com\/ee\/wp-json\/wp\/v2\/comments?post=222497"}],"version-history":[{"count":0,"href":"https:\/\/www.europesays.com\/ee\/wp-json\/wp\/v2\/posts\/222497\/revisions"}],"wp:featuredmedia":[{"embeddable":true,"href":"https:\/\/www.europesays.com\/ee\/wp-json\/wp\/v2\/media\/222498"}],"wp:attachment":[{"href":"https:\/\/www.europesays.com\/ee\/wp-json\/wp\/v2\/media?parent=222497"}],"wp:term":[{"taxonomy":"category","embeddable":true,"href":"https:\/\/www.europesays.com\/ee\/wp-json\/wp\/v2\/categories?post=222497"},{"taxonomy":"post_tag","embeddable":true,"href":"https:\/\/www.europesays.com\/ee\/wp-json\/wp\/v2\/tags?post=222497"}],"curies":[{"name":"wp","href":"https:\/\/api.w.org\/{rel}","templated":true}]}}