{"id":222572,"date":"2026-07-07T09:49:08","date_gmt":"2026-07-07T09:49:08","guid":{"rendered":"https:\/\/www.europesays.com\/ee\/222572\/"},"modified":"2026-07-07T09:49:08","modified_gmt":"2026-07-07T09:49:08","slug":"portugali-peatreener-lahkub-tundsin-end-portugalis-alati-teretulnuna-jalgpalli-mm","status":"publish","type":"post","link":"https:\/\/www.europesays.com\/ee\/222572\/","title":{"rendered":"Portugali peatreener lahkub: tundsin end Portugalis alati teretulnuna | Jalgpalli MM"},"content":{"rendered":"<p>Portugali jalgpallikoondise peatreener Roberto Martinez kinnitas p\u00e4rast 0:1 kaotust Hispaaniale MM-i kaheksandikfinaalis, et lahkub ametist.<\/p>\n<p>2023. aastal Portugali juhendama asunud hispaanlane oli varem \u00f6elnud, et plaanib koondise juurest lahkuda p\u00e4rast maailmameistriv\u00f5istlusi, kuna tema leping l\u00f5peb turniiri j\u00e4rel.<\/p>\n<p>&#8220;Jah, see oli minu viimane m\u00e4ng koondise peatreenerina. Olen uhke k\u00f5ige \u00fcle, mida nende aastate jooksul saavutasime. Tundsin end Portugalis alati teretulnu ja hinnatuna ning see on m\u00e4lestus, mille v\u00f5tan endaga kaasa kogu eluks,&#8221; \u00fctles Martinez.<\/p>\n<p>Tema s\u00f5nul vajab koondis n\u00fc\u00fcd uut juhtimist ning Portugali Jalgpalliliidu president Pedro Proenca peaks saama ise j\u00e4rgmise peatreeneri valida.<\/p>\n<p>&#8220;See on \u00fche ts\u00fckli l\u00f5pp. Soovin t\u00e4nada presidenti, alaliitu ja k\u00f5iki, kes pakkusid mulle ning minu treeneritetiimile suurep\u00e4rased t\u00f6\u00f6tingimused,&#8221; lisas ta.<\/p>\n<p>Martinezi k\u00e4e all j\u00f5udis Portugal 2024. aasta Euroopa meistriv\u00f5istlustel veerandfinaali ning v\u00f5itis 2025. aastal UEFA Rahvuste liiga.<\/p>\n<p>T\u00e4navusel MM-il l\u00f5petas Portugal K-alagrupis teisena, alistades Usbekistani 5:0 ning m\u00e4ngides viiki Kongo Demokraatliku Vabariigi (1:1) ja Kolumbiaga (0:0). Kaheksandikfinaalis alistati Horvaatia 2:1, kuid seej\u00e4rel tuli tunnistada Hispaania 1:0 paremust.<\/p>\n<p>Martinez ei n\u00f5ustunud hinnangutega, et Portugali oleks saatnud eba\u00f5nnestumine.<\/p>\n<p>&#8220;Me ei kukkunud l\u00e4bi. Kaotasime \u00fchele turniiri peamisele soosikule ning sellistes m\u00e4ngudes otsustavad detailid. Eba\u00f5nnestumine oleks see, kui me poleks p\u00fc\u00fcdnud v\u00f5ita, aga meie v\u00f5itlesime l\u00f5puni,&#8221; s\u00f5nas ta.<\/p>\n<p>Peatreener kaitses ka 41-aastast Cristiano Ronaldot, kelle jaoks j\u00e4i Hispaania vastu peetud kohtumine viimaseks maailmameistriv\u00f5istluste m\u00e4nguks.<\/p>\n<p>&#8220;Praegu pole \u00f5ige aeg otsida temas s\u00fc\u00fcd. Cristiano Ronaldo on jalgpalliikoon. Ta andis endast k\u00f5ik, et t\u00e4ita oma unistus v\u00f5ita maailmameistritiitel. Tema m\u00f5ju nii v\u00e4ljakul kui ka riietusruumis on hindamatu ning j\u00e4\u00e4b meiega alatiseks,&#8221; \u00fctles Martinez.<\/p>\n","protected":false},"excerpt":{"rendered":"Portugali jalgpallikoondise peatreener Roberto Martinez kinnitas p\u00e4rast 0:1 kaotust Hispaaniale MM-i kaheksandikfinaalis, et lahkub ametist. 2023. aastal Portugali&hellip;\n","protected":false},"author":2,"featured_media":222573,"comment_status":"","ping_status":"","sticky":false,"template":"","format":"standard","meta":{"footnotes":"","_share_on_mastodon":"0"},"categories":[18],"tags":[37,33,35,34,36,10716,54108,159,158],"class_list":["post-222572","post","type-post","status-publish","format-standard","has-post-thumbnail","category-sport","tag-ee","tag-eesti","tag-eesti-keel","tag-estonia","tag-estonian","tag-portugali-jalgpallikoondis","tag-roberto-martinez","tag-sport","tag-sports"],"share_on_mastodon":{"url":"https:\/\/pubeurope.com\/@ee\/116878073358992759","error":""},"_links":{"self":[{"href":"https:\/\/www.europesays.com\/ee\/wp-json\/wp\/v2\/posts\/222572","targetHints":{"allow":["GET"]}}],"collection":[{"href":"https:\/\/www.europesays.com\/ee\/wp-json\/wp\/v2\/posts"}],"about":[{"href":"https:\/\/www.europesays.com\/ee\/wp-json\/wp\/v2\/types\/post"}],"author":[{"embeddable":true,"href":"https:\/\/www.europesays.com\/ee\/wp-json\/wp\/v2\/users\/2"}],"replies":[{"embeddable":true,"href":"https:\/\/www.europesays.com\/ee\/wp-json\/wp\/v2\/comments?post=222572"}],"version-history":[{"count":0,"href":"https:\/\/www.europesays.com\/ee\/wp-json\/wp\/v2\/posts\/222572\/revisions"}],"wp:featuredmedia":[{"embeddable":true,"href":"https:\/\/www.europesays.com\/ee\/wp-json\/wp\/v2\/media\/222573"}],"wp:attachment":[{"href":"https:\/\/www.europesays.com\/ee\/wp-json\/wp\/v2\/media?parent=222572"}],"wp:term":[{"taxonomy":"category","embeddable":true,"href":"https:\/\/www.europesays.com\/ee\/wp-json\/wp\/v2\/categories?post=222572"},{"taxonomy":"post_tag","embeddable":true,"href":"https:\/\/www.europesays.com\/ee\/wp-json\/wp\/v2\/tags?post=222572"}],"curies":[{"name":"wp","href":"https:\/\/api.w.org\/{rel}","templated":true}]}}