{"id":222584,"date":"2026-07-07T10:01:17","date_gmt":"2026-07-07T10:01:17","guid":{"rendered":"https:\/\/www.europesays.com\/ee\/222584\/"},"modified":"2026-07-07T10:01:17","modified_gmt":"2026-07-07T10:01:17","slug":"microsoft-koondab-4800-tootajat-suurima-umberkorraldusega-seisab-silmitsi-xbox","status":"publish","type":"post","link":"https:\/\/www.europesays.com\/ee\/222584\/","title":{"rendered":"Microsoft koondab 4800 t\u00f6\u00f6tajat. Suurima \u00fcmberkorraldusega seisab silmitsi Xbox"},"content":{"rendered":"<p>Ameerika tehnoloogiahiiglane <a rel=\"noopener nofollow\" target=\"_blank\" href=\"https:\/\/www.delfi.ee\/teema\/925\/microsoft\" tag-id=\"925\">Microsoft<\/a> teatas esmasp\u00e4eval, et koondab umbes 4800 t\u00f6\u00f6tajat, mis moodustab umbes 2 protsenti ettev\u00f5tte t\u00f6\u00f6j\u00f5ust kogu maailmas, vahendab Euronews.<\/p>\n<p>Xbox \u2013 Microsofti videom\u00e4ngude ja digitaalse meelelahutuse divisjon \u2013 seisab silmitsi oma ajaloo suurima reformiga, mille k\u00e4igus koondatakse j\u00e4rgmise majandusaasta jooksul ligikaudu 3200 m\u00e4ngut\u00f6\u00f6stuse t\u00f6\u00f6tajat ja kaotatakse neli stuudiot.<\/p>\n","protected":false},"excerpt":{"rendered":"Ameerika tehnoloogiahiiglane Microsoft teatas esmasp\u00e4eval, et koondab umbes 4800 t\u00f6\u00f6tajat, mis moodustab umbes 2 protsenti ettev\u00f5tte t\u00f6\u00f6j\u00f5ust kogu&hellip;\n","protected":false},"author":2,"featured_media":222585,"comment_status":"","ping_status":"","sticky":false,"template":"","format":"standard","meta":{"footnotes":"","_share_on_mastodon":"0"},"categories":[14],"tags":[131,130,37,33,35,34,36,2357,8529],"class_list":["post-222584","post","type-post","status-publish","format-standard","has-post-thumbnail","category-ari","tag-ari","tag-business","tag-ee","tag-eesti","tag-eesti-keel","tag-estonia","tag-estonian","tag-microsoft","tag-xbox"],"share_on_mastodon":{"url":"https:\/\/pubeurope.com\/@ee\/116878120524762302","error":""},"_links":{"self":[{"href":"https:\/\/www.europesays.com\/ee\/wp-json\/wp\/v2\/posts\/222584","targetHints":{"allow":["GET"]}}],"collection":[{"href":"https:\/\/www.europesays.com\/ee\/wp-json\/wp\/v2\/posts"}],"about":[{"href":"https:\/\/www.europesays.com\/ee\/wp-json\/wp\/v2\/types\/post"}],"author":[{"embeddable":true,"href":"https:\/\/www.europesays.com\/ee\/wp-json\/wp\/v2\/users\/2"}],"replies":[{"embeddable":true,"href":"https:\/\/www.europesays.com\/ee\/wp-json\/wp\/v2\/comments?post=222584"}],"version-history":[{"count":0,"href":"https:\/\/www.europesays.com\/ee\/wp-json\/wp\/v2\/posts\/222584\/revisions"}],"wp:featuredmedia":[{"embeddable":true,"href":"https:\/\/www.europesays.com\/ee\/wp-json\/wp\/v2\/media\/222585"}],"wp:attachment":[{"href":"https:\/\/www.europesays.com\/ee\/wp-json\/wp\/v2\/media?parent=222584"}],"wp:term":[{"taxonomy":"category","embeddable":true,"href":"https:\/\/www.europesays.com\/ee\/wp-json\/wp\/v2\/categories?post=222584"},{"taxonomy":"post_tag","embeddable":true,"href":"https:\/\/www.europesays.com\/ee\/wp-json\/wp\/v2\/tags?post=222584"}],"curies":[{"name":"wp","href":"https:\/\/api.w.org\/{rel}","templated":true}]}}