{"id":222622,"date":"2026-07-07T10:44:13","date_gmt":"2026-07-07T10:44:13","guid":{"rendered":"https:\/\/www.europesays.com\/ee\/222622\/"},"modified":"2026-07-07T10:44:13","modified_gmt":"2026-07-07T10:44:13","slug":"elektroonilise-muusika-produtsent-siimi-avaldas-debuutalbumi-muusika","status":"publish","type":"post","link":"https:\/\/www.europesays.com\/ee\/222622\/","title":{"rendered":"Elektroonilise muusika produtsent Siimi avaldas deb\u00fc\u00fctalbumi | Muusika"},"content":{"rendered":"<p>Eesti elektroonilise muusika produtsent Siimi andis v\u00e4lja esimese plaadi &#8220;Patience&#8221;.<\/p>\n<p><img loading=\"lazy\" decoding=\"async\" src=\"https:\/\/www.europesays.com\/ee\/wp-content\/uploads\/2026\/07\/3696253h800c.jpg\" alt=\"\" width=\"250\" height=\"250\" caption=\"false\"\/><\/p>\n<p>Siimi s\u00f5nul demonstreerib album aastatepikkust arengut, kus erinevatest demodest tuli t\u00e4nane tulemus l\u00f5puks naturaalselt kokku. &#8220;Albumi avaldamine oli alati natuke v\u00f5\u00f5ras m\u00f5te mulle. Produtseerimine on ajamahukas t\u00f6\u00f6 ja j\u00f5uda ilma nurki l\u00f5ikamata vajaliku laulude arvuni, veel enam nendega tervilik lugu jutustada, tundus v\u00e4ga hoomamatu \u00fclesanne,&#8221; selgitas Siimi.<\/p>\n<p>&#8220;Album on t\u00e4is metafoore minu elu keerdk\u00e4ikudest. Loodan, et see paistab v\u00e4lja, suhestub inimestega ja aitab igasugust k\u00fcttemuusikat ka uutele kuulajatele natuke l\u00e4hemale tuua,&#8221; r\u00e4\u00e4kis ta ja lisas, et et kogu album on produtseeritud, miksitud, masterdatud ning osaliselt ka sisse lauldud tema enda poolt.<\/p>\n<p>Igale loole on valminud ka visuaal, mille on filminud Robin Zuts ja Lauri Raitar, albumi kaanefoto autor on Krislyn Kroon.<\/p>\n<p>Hiiumaalt p\u00e4rit elektroonilise muusika produtsent Siimi on varem teinud koost\u00f6\u00f6d n\u00e4iteks Clicheriku &amp; M\u00e4xi, Triibupasta, Nublu ja Marp$iga, muusikat on ta avaldanud alates 2018. aastast.<\/p>\n","protected":false},"excerpt":{"rendered":"Eesti elektroonilise muusika produtsent Siimi andis v\u00e4lja esimese plaadi &#8220;Patience&#8221;. Siimi s\u00f5nul demonstreerib album aastatepikkust arengut, kus erinevatest&hellip;\n","protected":false},"author":2,"featured_media":222623,"comment_status":"","ping_status":"","sticky":false,"template":"","format":"standard","meta":{"footnotes":"","_share_on_mastodon":"0"},"categories":[16],"tags":[37,33,35,173,34,36,140,90643,90642],"class_list":["post-222622","post","type-post","status-publish","format-standard","has-post-thumbnail","category-meelelahutus","tag-ee","tag-eesti","tag-eesti-keel","tag-entertainment","tag-estonia","tag-estonian","tag-meelelahutus","tag-patience","tag-siimi"],"share_on_mastodon":{"url":"https:\/\/pubeurope.com\/@ee\/116878289670740346","error":""},"_links":{"self":[{"href":"https:\/\/www.europesays.com\/ee\/wp-json\/wp\/v2\/posts\/222622","targetHints":{"allow":["GET"]}}],"collection":[{"href":"https:\/\/www.europesays.com\/ee\/wp-json\/wp\/v2\/posts"}],"about":[{"href":"https:\/\/www.europesays.com\/ee\/wp-json\/wp\/v2\/types\/post"}],"author":[{"embeddable":true,"href":"https:\/\/www.europesays.com\/ee\/wp-json\/wp\/v2\/users\/2"}],"replies":[{"embeddable":true,"href":"https:\/\/www.europesays.com\/ee\/wp-json\/wp\/v2\/comments?post=222622"}],"version-history":[{"count":0,"href":"https:\/\/www.europesays.com\/ee\/wp-json\/wp\/v2\/posts\/222622\/revisions"}],"wp:featuredmedia":[{"embeddable":true,"href":"https:\/\/www.europesays.com\/ee\/wp-json\/wp\/v2\/media\/222623"}],"wp:attachment":[{"href":"https:\/\/www.europesays.com\/ee\/wp-json\/wp\/v2\/media?parent=222622"}],"wp:term":[{"taxonomy":"category","embeddable":true,"href":"https:\/\/www.europesays.com\/ee\/wp-json\/wp\/v2\/categories?post=222622"},{"taxonomy":"post_tag","embeddable":true,"href":"https:\/\/www.europesays.com\/ee\/wp-json\/wp\/v2\/tags?post=222622"}],"curies":[{"name":"wp","href":"https:\/\/api.w.org\/{rel}","templated":true}]}}