{"id":222684,"date":"2026-07-07T11:56:13","date_gmt":"2026-07-07T11:56:13","guid":{"rendered":"https:\/\/www.europesays.com\/ee\/222684\/"},"modified":"2026-07-07T11:56:13","modified_gmt":"2026-07-07T11:56:13","slug":"politsei-lohkise-kuna-ees-joobes-skisofreenikut-ravile-ei-voeta-aga-kaineris-ta-terveks-ei-saa","status":"publish","type":"post","link":"https:\/\/www.europesays.com\/ee\/222684\/","title":{"rendered":"Politsei l\u00f5hkise k\u00fcna ees: joobes skisofreenikut ravile ei v\u00f5eta, aga kaineris ta terveks ei saa"},"content":{"rendered":"<p>Politsei- ja piirivalveameti peadirektor Egert Belit\u0161ev t\u00f6\u00f6tas l\u00e4inud reedel koos piirkonnapolitseinikega H\u00e4\u00e4demeestel, mille k\u00f5rvalt leidis aega k\u00f5nelda politseit\u00f6\u00f6st ja P\u00e4rnumaa erip\u00e4radest. Politseinikud puutuvad aina sagedamini kokku inimestega, keda vaevavad vaimse tervise probleemid, aga kiiret abi neile ei leidu. Noorte seas kasvab narkootikumide tarbimine ja politsei pingutab, et suur\u00fcritused ei kujuneks narkofestivalideks. Noored ja lapsed s\u00f5idavad ennast \u00fcha sagedamini puruks t\u00f5ukeratastega, mis on meie t\u00e4navatel keelatud.<\/p>\n<p>Olete t\u00e4na (reedel, toim) p\u00e4ev l\u00e4bi P\u00e4rnumaal. Mis teid siia t\u00f5i?<\/p>\n","protected":false},"excerpt":{"rendered":"Politsei- ja piirivalveameti peadirektor Egert Belit\u0161ev t\u00f6\u00f6tas l\u00e4inud reedel koos piirkonnapolitseinikega H\u00e4\u00e4demeestel, mille k\u00f5rvalt leidis aega k\u00f5nelda politseit\u00f6\u00f6st&hellip;\n","protected":false},"author":2,"featured_media":222685,"comment_status":"","ping_status":"","sticky":false,"template":"","format":"standard","meta":{"footnotes":"","_share_on_mastodon":"0"},"categories":[5],"tags":[346,345,342,26,27,37,33,35,34,36,31,32,21,344,360,343,339,28,29,349,19,341,354,357,351,352,355,356,348,336,350,337,353,25,159,338,340,347,23,24,358,22,359,20,30],"class_list":["post-222684","post","type-post","status-publish","format-standard","has-post-thumbnail","category-uldised-uudised","tag-ajakirjaniku-kontakt","tag-ajalehe-tellimine","tag-arhiiv","tag-breaking-news","tag-breakingnews","tag-ee","tag-eesti","tag-eesti-keel","tag-estonia","tag-estonian","tag-featured-news","tag-featurednews","tag-headlines","tag-kaastundeavaldus","tag-kesklinna-sild","tag-kuulutuse-lisamine","tag-kuulutused","tag-latest-news","tag-latestnews","tag-liiklusonnetus","tag-news","tag-paberleht","tag-parnu-haigla","tag-parnu-jahtklubi","tag-parnu-linn","tag-parnu-maakohus","tag-parnu-rand","tag-parnu-sadam","tag-parnu-uritused","tag-parnu-uudised","tag-parnumaa","tag-parnumaa-uudised","tag-politsei","tag-populaarseimad-lood","tag-sport","tag-suvepealinn","tag-tellimine","tag-toimetuse-kontakt","tag-top-stories","tag-topstories","tag-tulekahju","tag-uldised-uudised","tag-urituste-kava","tag-uudised","tag-viimased-uudised"],"share_on_mastodon":{"url":"","error":"Validation failed: Text character limit of 500 exceeded"},"_links":{"self":[{"href":"https:\/\/www.europesays.com\/ee\/wp-json\/wp\/v2\/posts\/222684","targetHints":{"allow":["GET"]}}],"collection":[{"href":"https:\/\/www.europesays.com\/ee\/wp-json\/wp\/v2\/posts"}],"about":[{"href":"https:\/\/www.europesays.com\/ee\/wp-json\/wp\/v2\/types\/post"}],"author":[{"embeddable":true,"href":"https:\/\/www.europesays.com\/ee\/wp-json\/wp\/v2\/users\/2"}],"replies":[{"embeddable":true,"href":"https:\/\/www.europesays.com\/ee\/wp-json\/wp\/v2\/comments?post=222684"}],"version-history":[{"count":0,"href":"https:\/\/www.europesays.com\/ee\/wp-json\/wp\/v2\/posts\/222684\/revisions"}],"wp:featuredmedia":[{"embeddable":true,"href":"https:\/\/www.europesays.com\/ee\/wp-json\/wp\/v2\/media\/222685"}],"wp:attachment":[{"href":"https:\/\/www.europesays.com\/ee\/wp-json\/wp\/v2\/media?parent=222684"}],"wp:term":[{"taxonomy":"category","embeddable":true,"href":"https:\/\/www.europesays.com\/ee\/wp-json\/wp\/v2\/categories?post=222684"},{"taxonomy":"post_tag","embeddable":true,"href":"https:\/\/www.europesays.com\/ee\/wp-json\/wp\/v2\/tags?post=222684"}],"curies":[{"name":"wp","href":"https:\/\/api.w.org\/{rel}","templated":true}]}}