{"id":222710,"date":"2026-07-07T12:28:09","date_gmt":"2026-07-07T12:28:09","guid":{"rendered":"https:\/\/www.europesays.com\/ee\/222710\/"},"modified":"2026-07-07T12:28:09","modified_gmt":"2026-07-07T12:28:09","slug":"intervjuu%e2%94%83politoloog-nato-tippkohtumisest-trumpi-puhul-ei-saa-midagi-votta-puhta-kullana","status":"publish","type":"post","link":"https:\/\/www.europesays.com\/ee\/222710\/","title":{"rendered":"INTERVJUU\u2503Politoloog NATO tippkohtumisest: Trumpi puhul ei saa midagi v\u00f5tta puhta kullana"},"content":{"rendered":"<p>NATO tippkohtumise eel on \u00f5hus palju pingeid. Loodetakse \u00fchtsusele, samal ajal kui kriitikud loodavad, et tippkohtumine \u201eelab Trumpi \u00fcle\u201c, mis seab NATO peasekret\u00e4r Mark Ruttele keerulise vahendajarolli. Milline n\u00e4ib enne tippkohtumist valitsev meeleolu ja millised teemad v\u00f5ivad saada murdepunktideks?<\/p>\n<p>Seda saab vaadata kahel viisil. \u00dcks on ametlik narratiiv, et on kolm peamist teemat. Esimene on kaitsekulutused, teine on kaitset\u00f6\u00f6stus ehk tootmismahu suurendamine ning kolmas on <a rel=\"noopener nofollow\" target=\"_blank\" href=\"https:\/\/www.delfi.ee\/teema\/25048531\/ukraina\" tag-id=\"25048531\">Ukraina<\/a> edasine toetamine. V\u00e4idetavalt ja formaalselt ongi need eesm\u00e4rgid, mida tippkohtumisel p\u00fc\u00fctakse saavutada.<\/p>\n<p>Oled juba tellija?Logi sisse<\/p>\n<p><a href=\"https:\/\/www.delfi.ee\/artikkel\/120595423\/intervjuu-politoloog-nato-tippkohtumisest-trumpi-puhul-ei-saa-midagi-votta-puhta-kullana\/kommentaarid\" class=\"article-body-bottom__comment article-body-bottom__comment--write button button--primary button--size-auto\" rel=\"nofollow noopener\" target=\"_blank\"> Kommenteeri <\/a><a href=\"https:\/\/www.delfi.ee\/artikkel\/120595423\/intervjuu-politoloog-nato-tippkohtumisest-trumpi-puhul-ei-saa-midagi-votta-puhta-kullana\/kommentaarid\" class=\"article-body-bottom__comment article-body-bottom__comment--read button button--size-auto\" rel=\"nofollow noopener\" target=\"_blank\"> Loe kommentaare (26)<\/a><\/p>\n","protected":false},"excerpt":{"rendered":"NATO tippkohtumise eel on \u00f5hus palju pingeid. Loodetakse \u00fchtsusele, samal ajal kui kriitikud loodavad, et tippkohtumine \u201eelab Trumpi&hellip;\n","protected":false},"author":2,"featured_media":222711,"comment_status":"","ping_status":"","sticky":false,"template":"","format":"standard","meta":{"footnotes":"","_share_on_mastodon":"0"},"categories":[12],"tags":[26,27,37,33,35,34,36,31,32,21,4376,28,29,3614,54,19,25,23,24,463,262,22,325,20,96,30],"class_list":["post-222710","post","type-post","status-publish","format-standard","has-post-thumbnail","category-eesti","tag-breaking-news","tag-breakingnews","tag-ee","tag-eesti","tag-eesti-keel","tag-estonia","tag-estonian","tag-featured-news","tag-featurednews","tag-headlines","tag-lahis-ida","tag-latest-news","tag-latestnews","tag-mark-rutte","tag-nato","tag-news","tag-populaarseimad-lood","tag-top-stories","tag-topstories","tag-trump","tag-ukraina","tag-uldised-uudised","tag-usa","tag-uudised","tag-venemaa","tag-viimased-uudised"],"share_on_mastodon":{"url":"https:\/\/pubeurope.com\/@ee\/116878698470976398","error":""},"_links":{"self":[{"href":"https:\/\/www.europesays.com\/ee\/wp-json\/wp\/v2\/posts\/222710","targetHints":{"allow":["GET"]}}],"collection":[{"href":"https:\/\/www.europesays.com\/ee\/wp-json\/wp\/v2\/posts"}],"about":[{"href":"https:\/\/www.europesays.com\/ee\/wp-json\/wp\/v2\/types\/post"}],"author":[{"embeddable":true,"href":"https:\/\/www.europesays.com\/ee\/wp-json\/wp\/v2\/users\/2"}],"replies":[{"embeddable":true,"href":"https:\/\/www.europesays.com\/ee\/wp-json\/wp\/v2\/comments?post=222710"}],"version-history":[{"count":0,"href":"https:\/\/www.europesays.com\/ee\/wp-json\/wp\/v2\/posts\/222710\/revisions"}],"wp:featuredmedia":[{"embeddable":true,"href":"https:\/\/www.europesays.com\/ee\/wp-json\/wp\/v2\/media\/222711"}],"wp:attachment":[{"href":"https:\/\/www.europesays.com\/ee\/wp-json\/wp\/v2\/media?parent=222710"}],"wp:term":[{"taxonomy":"category","embeddable":true,"href":"https:\/\/www.europesays.com\/ee\/wp-json\/wp\/v2\/categories?post=222710"},{"taxonomy":"post_tag","embeddable":true,"href":"https:\/\/www.europesays.com\/ee\/wp-json\/wp\/v2\/tags?post=222710"}],"curies":[{"name":"wp","href":"https:\/\/api.w.org\/{rel}","templated":true}]}}