{"id":222799,"date":"2026-07-07T14:18:09","date_gmt":"2026-07-07T14:18:09","guid":{"rendered":"https:\/\/www.europesays.com\/ee\/222799\/"},"modified":"2026-07-07T14:18:09","modified_gmt":"2026-07-07T14:18:09","slug":"nigel-farage-lahkub-suurbritannia-parlamendist-valismaa","status":"publish","type":"post","link":"https:\/\/www.europesays.com\/ee\/222799\/","title":{"rendered":"Nigel Farage lahkub Suurbritannia parlamendist | V\u00e4lismaa"},"content":{"rendered":"<p>Suurbritannia erakonna Reform UK juht Nigel Farage teatas teisip\u00e4eval, et astub parlamendiliikme kohalt tagasi, et kutsuda oma valimisringkonnas esile vahevalimised, ning kandideerib neil uuesti.<\/p>\n<p>Farage tegi selle avalduse teleesinemise l\u00f5pus, milles ta kritiseeris meedia sekkumist oma pereellu ning v\u00e4itis, et poliitiline eliit teeb k\u00f5ik endast oleneva, et tema erakonna tegevust takistada, vahendas Reuters.<\/p>\n<p>Farage, kelle rahalised tegemised on viimastel kuudel sattunud p\u00f5hjaliku avalikkuse t\u00e4helepanu alla, \u00fctles, et soovib anda oma valimisringkonna elanikele v\u00f5imaluse otsustada, kas nad soovivad, et ta j\u00e4tkaks nende esindamist parlamendis.<\/p>\n<p>Suurbritannia parempopulistide liidrit s\u00fc\u00fcdistatakse annetuste deklareerimata j\u00e4tmises.<\/p>\n<p>Times teatas esmasp\u00e4eval, et s\u00fc\u00fcdim\u00f5istetud pettur George Cottrell maksis Farage&#8217;i turvameeskonna ja t\u00f6\u00f6tajate eest enne, kui temast sai parlamendiliige. Uued parlamendiliikmed peavad deklareerima kingitused, sealhulgas mitterahalised maksed, mille nad on saanud 12 kuu jooksul enne valimisi<\/p>\n<p>\u00dcks parlamendiliige teatas, et palus parlamendi eetikavolinikul uurida uusi s\u00fc\u00fcdistusi parempopulistliku partei Reform UK juhi vastu.<\/p>\n<p>Times teatas veel, et Cottrell \u00fc\u00fcrib Buckinghami palee l\u00e4hedal h\u00e4\u00e4rberit, kus Farage on peatunud.<\/p>\n<p>32-aastane kr\u00fcptoettev\u00f5tja George Cottrell tunnistas end 2017. aastal USA-s s\u00fc\u00fcdi kelmuses ja talle m\u00f5isteti kaheksakuuline vanglakaristus.<\/p>\n<p>Reformi poliitik Robert Jenrick \u00fctles, et Cottrell on Farage&#8217;i vana s\u00f5ber, kes maksis tema t\u00f6\u00f6tajate ja turvameeskonna eest 2024. aastal, enne kui temast sai parlamendiliige.<\/p>\n<p>Ta \u00fctles, et Farage peatus Cottrelli \u00fc\u00fcripinnal v\u00e4ga harva. &#8220;Mingeid reegleid pole rikutud,&#8221; v\u00e4itis Jenrick.<\/p>\n","protected":false},"excerpt":{"rendered":"Suurbritannia erakonna Reform UK juht Nigel Farage teatas teisip\u00e4eval, et astub parlamendiliikme kohalt tagasi, et kutsuda oma valimisringkonnas&hellip;\n","protected":false},"author":2,"featured_media":222800,"comment_status":"","ping_status":"","sticky":false,"template":"","format":"standard","meta":{"footnotes":"","_share_on_mastodon":"0"},"categories":[80],"tags":[26,27,37,33,35,34,36,31,32,21,28,29,95,19,5274,25,23,24,22,20,30,92,93,94],"class_list":["post-222799","post","type-post","status-publish","format-standard","has-post-thumbnail","category-maailm","tag-breaking-news","tag-breakingnews","tag-ee","tag-eesti","tag-eesti-keel","tag-estonia","tag-estonian","tag-featured-news","tag-featurednews","tag-headlines","tag-latest-news","tag-latestnews","tag-maailm","tag-news","tag-nigel-farage","tag-populaarseimad-lood","tag-top-stories","tag-topstories","tag-uldised-uudised","tag-uudised","tag-viimased-uudised","tag-world","tag-world-news","tag-worldnews"],"share_on_mastodon":{"url":"https:\/\/pubeurope.com\/@ee\/116879131010820074","error":""},"_links":{"self":[{"href":"https:\/\/www.europesays.com\/ee\/wp-json\/wp\/v2\/posts\/222799","targetHints":{"allow":["GET"]}}],"collection":[{"href":"https:\/\/www.europesays.com\/ee\/wp-json\/wp\/v2\/posts"}],"about":[{"href":"https:\/\/www.europesays.com\/ee\/wp-json\/wp\/v2\/types\/post"}],"author":[{"embeddable":true,"href":"https:\/\/www.europesays.com\/ee\/wp-json\/wp\/v2\/users\/2"}],"replies":[{"embeddable":true,"href":"https:\/\/www.europesays.com\/ee\/wp-json\/wp\/v2\/comments?post=222799"}],"version-history":[{"count":0,"href":"https:\/\/www.europesays.com\/ee\/wp-json\/wp\/v2\/posts\/222799\/revisions"}],"wp:featuredmedia":[{"embeddable":true,"href":"https:\/\/www.europesays.com\/ee\/wp-json\/wp\/v2\/media\/222800"}],"wp:attachment":[{"href":"https:\/\/www.europesays.com\/ee\/wp-json\/wp\/v2\/media?parent=222799"}],"wp:term":[{"taxonomy":"category","embeddable":true,"href":"https:\/\/www.europesays.com\/ee\/wp-json\/wp\/v2\/categories?post=222799"},{"taxonomy":"post_tag","embeddable":true,"href":"https:\/\/www.europesays.com\/ee\/wp-json\/wp\/v2\/tags?post=222799"}],"curies":[{"name":"wp","href":"https:\/\/api.w.org\/{rel}","templated":true}]}}